{"id":8828,"date":"2022-04-08T11:31:15","date_gmt":"2022-04-08T09:31:15","guid":{"rendered":"https:\/\/meier-gerdingh.de\/wp-spd-ob\/?p=8828"},"modified":"2022-04-09T11:33:19","modified_gmt":"2022-04-09T09:33:19","slug":"jahreshauptversammlung-der-spd-in-alstaden-und-lirich","status":"publish","type":"post","link":"https:\/\/meier-gerdingh.de\/wp-spd-ob\/2022\/04\/08\/jahreshauptversammlung-der-spd-in-alstaden-und-lirich\/","title":{"rendered":"Jahreshauptversammlung der SPD in Alstaden und Lirich"},"content":{"rendered":"<div id=\"attachment_8826\" style=\"width: 710px\" class=\"wp-caption aligncenter\"><a href=\"https:\/\/meier-gerdingh.de\/wp-spd-ob\/wp-content\/uploads\/2022\/04\/ov-west-gruppenbild-jhv-2022-lg.jpg\"><img aria-describedby=\"caption-attachment-8826\" decoding=\"async\" class=\"size-full wp-image-8826\" src=\"https:\/\/meier-gerdingh.de\/wp-spd-ob\/wp-content\/uploads\/2022\/04\/ov-west-gruppenbild-jhv-2022.jpg\" alt=\"\" width=\"700\" height=\"352\" srcset=\"https:\/\/meier-gerdingh.de\/wp-spd-ob\/wp-content\/uploads\/2022\/04\/ov-west-gruppenbild-jhv-2022.jpg 700w, https:\/\/meier-gerdingh.de\/wp-spd-ob\/wp-content\/uploads\/2022\/04\/ov-west-gruppenbild-jhv-2022-300x151.jpg 300w\" sizes=\"(max-width: 700px) 100vw, 700px\" \/><\/a><p id=\"caption-attachment-8826\" class=\"wp-caption-text\">Gruppenbild mit der Landtagskandidatin Sonja Bongers: Miglieder des Ortsvereins West nach der diesj\u00e4hrigen Jahreshauptversammlung<\/p><\/div>\n<p>Anfang April f\u00fchrte der SPD-Ortsverein Oberhausen-West seine j\u00e4hrliche Jahreshauptversammlung durch. In Ihrer Rede stimmte die stellvertretende Ortsvereinsvorsitzende Sonja Bongers, die in diesem Jahr zum zweiten Mal f\u00fcr den Landtag kandidiert, die Teilnehmenden auf den anstehenden Wahlkampf ein. &#8222;Demokratie findet nicht nur in Berlin oder in D\u00fcsseldorf statt. Demokratie, das ist, wenn B\u00fcrgerinnen und B\u00fcrger sich f\u00fcr die Belange vor Ort einsetzen oder wenn sie sich in einer Partei und in einem Wahlkampf engagieren.&#8220;<\/p>\n<p>Mit Blick auf die Lage in der Welt betonte Bongers die Wichtigkeit des fairen Umgangs miteinander, des Ausgleichs und des Kompromisses, auch und gerade in der Politik. &#8222;Was passiert, wenn wir r\u00fccksichtslos eigene Interessen durchsetzen und einander nicht auf Augenh\u00f6he begegnen, l\u00e4sst sich gerade an vielen Orten in der Welt beobachten,&#8220; so Bongers.<!--more--><\/p>\n<p>Mit Blick auf die Lage in der Ukraine hatte der SPD-Ortsverein im Vorfeld einen internen Spendenaufruf gestartet. Die auf diesem Wege zusammengekommenen 500 Euro kommen dem Verein Oberhausen hilft e. V. zugute.<\/p>\n","protected":false},"excerpt":{"rendered":"<p>Anfang April f\u00fchrte der SPD-Ortsverein Oberhausen-West seine j\u00e4hrliche Jahreshauptversammlung durch. In Ihrer Rede stimmte die stellvertretende Ortsvereinsvorsitzende Sonja Bongers, die in diesem Jahr zum zweiten Mal f\u00fcr den Landtag kandidiert,&hellip; <\/p>\n","protected":false},"author":1,"featured_media":0,"comment_status":"closed","ping_status":"closed","sticky":false,"template":"","format":"standard","meta":{"footnotes":""},"categories":[173],"tags":[134,71,183,3140],"quellen":[335],"class_list":["post-8828","post","type-post","status-publish","format-standard","hentry","category-parteileben","tag-alstaden","tag-jahreshauptversammlung","tag-lirich","tag-ukraine-krieg","quellen-ov-west"],"_links":{"self":[{"href":"https:\/\/meier-gerdingh.de\/wp-spd-ob\/wp-json\/wp\/v2\/posts\/8828","targetHints":{"allow":["GET"]}}],"collection":[{"href":"https:\/\/meier-gerdingh.de\/wp-spd-ob\/wp-json\/wp\/v2\/posts"}],"about":[{"href":"https:\/\/meier-gerdingh.de\/wp-spd-ob\/wp-json\/wp\/v2\/types\/post"}],"author":[{"embeddable":true,"href":"https:\/\/meier-gerdingh.de\/wp-spd-ob\/wp-json\/wp\/v2\/users\/1"}],"replies":[{"embeddable":true,"href":"https:\/\/meier-gerdingh.de\/wp-spd-ob\/wp-json\/wp\/v2\/comments?post=8828"}],"version-history":[{"count":0,"href":"https:\/\/meier-gerdingh.de\/wp-spd-ob\/wp-json\/wp\/v2\/posts\/8828\/revisions"}],"wp:attachment":[{"href":"https:\/\/meier-gerdingh.de\/wp-spd-ob\/wp-json\/wp\/v2\/media?parent=8828"}],"wp:term":[{"taxonomy":"category","embeddable":true,"href":"https:\/\/meier-gerdingh.de\/wp-spd-ob\/wp-json\/wp\/v2\/categories?post=8828"},{"taxonomy":"post_tag","embeddable":true,"href":"https:\/\/meier-gerdingh.de\/wp-spd-ob\/wp-json\/wp\/v2\/tags?post=8828"},{"taxonomy":"quellen","embeddable":true,"href":"https:\/\/meier-gerdingh.de\/wp-spd-ob\/wp-json\/wp\/v2\/quellen?post=8828"}],"curies":[{"name":"wp","href":"https:\/\/api.w.org\/{rel}","templated":true}]}}