{"id":883,"date":"2011-06-22T16:00:00","date_gmt":"2011-06-22T14:00:00","guid":{"rendered":"http:\/\/www.meier-gerdingh.de\/spd-oberhausen\/wp\/?p=883"},"modified":"2017-05-16T13:31:11","modified_gmt":"2017-05-16T11:31:11","slug":"oberhausen-erhaelt-ueber-eine-million-euro-fuer-zusaetzliche-u3-betreuungsplaetze","status":"publish","type":"post","link":"https:\/\/meier-gerdingh.de\/wp-spd-ob\/2011\/06\/22\/oberhausen-erhaelt-ueber-eine-million-euro-fuer-zusaetzliche-u3-betreuungsplaetze\/","title":{"rendered":"Oberhausen erh\u00e4lt \u00fcber eine Million Euro f\u00fcr zus\u00e4tzliche U3-Betreuungspl\u00e4tze"},"content":{"rendered":"<div style=\"width: 150px\" class=\"wp-caption alignleft\"><a href=\"http:\/\/meier-gerdingh.de\/wp-spd-ob\/wp-content\/uploads\/landtagganz1.jpg\"><img decoding=\"async\" class=\"size-full\" src=\"http:\/\/meier-gerdingh.de\/wp-spd-ob\/wp-content\/uploads\/landtagganz1.jpg\" alt=\"Der Landtag von Nordrhein-Westfalen\" width=\"140\" height=\"187\" \/><\/a><p class=\"wp-caption-text\">Der Landtag von Nordrhein-Westfalen<\/p><\/div>\n<p>&#8222;Oberhausen erh\u00e4lt noch in diesem Jahr \u00fcber eine Million Euro f\u00fcr die Ausbau der Unter-Dreij\u00e4hrigen-Betreuung&#8220;, teilen die Oberhausener Landtagsabgeordneten Stefan Zimkeit und Wolfgang Gro\u00dfe Br\u00f6mer mit. &#8222;Schon in den n\u00e4chsten Tagen wird das Jugendamt einen F\u00f6rderbescheid \u00fcber die zus\u00e4tzlichen Landesmittel erhalten.&#8220; Ab August 2013 bestehe f\u00fcr die Eltern von ein- und zweij\u00e4hrigen Kinder ein Rechtsanspruch auf einen Betreuungsplatz, erl\u00e4utert Stefan Zimkeit. Um die Kommunen bei der daf\u00fcr erforderlichen Schaffung von Krippenpl\u00e4tzen zu unterst\u00fctzen, werde die rot-gr\u00fcne Landesregierung allein im Haushaltsjahr 2011 insgesamt 100 Millionen Euro bereitstellen.<!--more--><\/p>\n<p>Dar\u00fcber hinaus werde Landesfamilienministerin Ute Sch\u00e4fer (SPD) das Antragsverfahren f\u00fcr den U3-Ausbau vereinfachen und entb\u00fcrokratisieren. &#8222;Jetzt muss nicht mehr jede Ma\u00dfnahme einzeln beantragt werden&#8220;, best\u00e4tigt Stefan Zimkeit. &#8222;Die Investitionsmittel gehen nun unmittelbar an die Jugend\u00e4mter, die \u00fcber die Verwendung nach dem konkreten Bedarf vor Ort entscheiden.&#8220;<\/p>\n<p>Landtagsabgeordneter Wolfgang Gro\u00dfe Br\u00f6mer zeigt sich besonders erfreut dar\u00fcber, dass auch f\u00fcr das n\u00e4chste Jahr schon eine verbindliche Zusage f\u00fcr Landesmittel in H\u00f6he von rund 600.000 Euro f\u00fcr Oberhausen vorliege. Gro\u00dfe Br\u00f6mer: &#8222;Die SPD-gef\u00fchrte Landesregierung zeigt damit, dass sie konsequent auf beste Bildung von Anfang an setzt.&#8220; Das neue Landesprogramm f\u00fcr den U3-Ausbau sei dabei nur eine von zahlreichen Ma\u00dfnahmen.<\/p>\n<p>&#8222;Neben der \u00dcberarbeitung des Kinderbildungsgesetzes wird vor allem die Abschaffung des Elternbeitrags f\u00fcr das letzte Kindergartenjahr die fr\u00fchkindliche Bildung vor Ort st\u00e4rken.&#8220; Die Landesregierung habe sich damit einmal mehr zur geb\u00fchrenfreien Bildung von der Kita bis zur Hochschule bekannt, so Gro\u00dfe Br\u00f6mer abschlie\u00dfend, und gerade die Familien in Oberhausen sp\u00fcrbar entlastet.<\/p>\n","protected":false},"excerpt":{"rendered":"<p>&#8222;Oberhausen erh\u00e4lt noch in diesem Jahr \u00fcber eine Million Euro f\u00fcr die Ausbau der Unter-Dreij\u00e4hrigen-Betreuung&#8220;, teilen die Oberhausener Landtagsabgeordneten Stefan Zimkeit und Wolfgang Gro\u00dfe Br\u00f6mer mit. &#8222;Schon in den n\u00e4chsten&hellip; <\/p>\n","protected":false},"author":1,"featured_media":0,"comment_status":"closed","ping_status":"closed","sticky":false,"template":"","format":"standard","meta":{"footnotes":""},"categories":[1],"tags":[],"quellen":[],"class_list":["post-883","post","type-post","status-publish","format-standard","hentry","category-allgemein"],"_links":{"self":[{"href":"https:\/\/meier-gerdingh.de\/wp-spd-ob\/wp-json\/wp\/v2\/posts\/883","targetHints":{"allow":["GET"]}}],"collection":[{"href":"https:\/\/meier-gerdingh.de\/wp-spd-ob\/wp-json\/wp\/v2\/posts"}],"about":[{"href":"https:\/\/meier-gerdingh.de\/wp-spd-ob\/wp-json\/wp\/v2\/types\/post"}],"author":[{"embeddable":true,"href":"https:\/\/meier-gerdingh.de\/wp-spd-ob\/wp-json\/wp\/v2\/users\/1"}],"replies":[{"embeddable":true,"href":"https:\/\/meier-gerdingh.de\/wp-spd-ob\/wp-json\/wp\/v2\/comments?post=883"}],"version-history":[{"count":0,"href":"https:\/\/meier-gerdingh.de\/wp-spd-ob\/wp-json\/wp\/v2\/posts\/883\/revisions"}],"wp:attachment":[{"href":"https:\/\/meier-gerdingh.de\/wp-spd-ob\/wp-json\/wp\/v2\/media?parent=883"}],"wp:term":[{"taxonomy":"category","embeddable":true,"href":"https:\/\/meier-gerdingh.de\/wp-spd-ob\/wp-json\/wp\/v2\/categories?post=883"},{"taxonomy":"post_tag","embeddable":true,"href":"https:\/\/meier-gerdingh.de\/wp-spd-ob\/wp-json\/wp\/v2\/tags?post=883"},{"taxonomy":"quellen","embeddable":true,"href":"https:\/\/meier-gerdingh.de\/wp-spd-ob\/wp-json\/wp\/v2\/quellen?post=883"}],"curies":[{"name":"wp","href":"https:\/\/api.w.org\/{rel}","templated":true}]}}