{"id":8845,"date":"2022-04-26T20:36:25","date_gmt":"2022-04-26T18:36:25","guid":{"rendered":"https:\/\/meier-gerdingh.de\/wp-spd-ob\/?p=8845"},"modified":"2022-04-26T20:36:25","modified_gmt":"2022-04-26T18:36:25","slug":"vereine-und-energiekosten","status":"publish","type":"post","link":"https:\/\/meier-gerdingh.de\/wp-spd-ob\/2022\/04\/26\/vereine-und-energiekosten\/","title":{"rendered":"Vereine und Energiekosten"},"content":{"rendered":"<div id=\"attachment_8796\" style=\"width: 170px\" class=\"wp-caption alignleft\"><a href=\"https:\/\/meier-gerdingh.de\/wp-spd-ob\/wp-content\/uploads\/2022\/03\/mdl-stefan-zimkeit-2022.jpg\"><img aria-describedby=\"caption-attachment-8796\" decoding=\"async\" class=\"size-full wp-image-8796\" src=\"https:\/\/meier-gerdingh.de\/wp-spd-ob\/wp-content\/uploads\/2022\/03\/mdl-stefan-zimkeit-2022.jpg\" alt=\"\" width=\"160\" height=\"160\" srcset=\"https:\/\/meier-gerdingh.de\/wp-spd-ob\/wp-content\/uploads\/2022\/03\/mdl-stefan-zimkeit-2022.jpg 160w, https:\/\/meier-gerdingh.de\/wp-spd-ob\/wp-content\/uploads\/2022\/03\/mdl-stefan-zimkeit-2022-150x150.jpg 150w\" sizes=\"(max-width: 160px) 100vw, 160px\" \/><\/a><p id=\"caption-attachment-8796\" class=\"wp-caption-text\">Stefan Zimkeit ist Landtagsabgeordneter f\u00fcr Oberhausen-Sterkrade und Dinslaken sowie haushalts- und finanzpolitischer Sprecher der SPD-Landtagsfraktion<\/p><\/div>\n<p>Stefan Zimkeit fordert, dass das Land NRW die gemeinn\u00fctzigen Vereine bei den Energiekosten unterst\u00fctzt. &#8222;Die hohen Preise hemmen das b\u00fcrgerschaftliche Engagement an vielen Stellen. Ich m\u00f6chte, dass die Kostensteigerungen nicht bei den Ehrenamtlichen h\u00e4ngen bleiben&#8220;, begr\u00fcndet der SPD-Finanzexperte seine Forderung.<!--more--><\/p>\n<p>&#8222;Die Pandemie hat \u00fcber lange Zeit an vielen Stellen die Vereinsaktivit\u00e4ten eingeschr\u00e4nkt&#8220;, so Zimkeit. &#8222;Wir m\u00fcssen jetzt daf\u00fcr sorgen, dass die T\u00e4tigkeiten wieder im gewohnten Umfang anlaufen k\u00f6nnen.&#8220;<\/p>\n<p>Stefan Zimkeit wurde von vielen Vereinen auf das Energiekostenproblem angesprochen, zuletzt beim Sterkrader Sport- und Spielwochenende. Auch bei dem Besuch des Friedensdorfs Oberhausen gemeinsam mit Thomas Kutschaty war die steigende Kostenbelastung ein Thema.<\/p>\n","protected":false},"excerpt":{"rendered":"<p>Stefan Zimkeit fordert, dass das Land NRW die gemeinn\u00fctzigen Vereine bei den Energiekosten unterst\u00fctzt. &#8222;Die hohen Preise hemmen das b\u00fcrgerschaftliche Engagement an vielen Stellen. Ich m\u00f6chte, dass die Kostensteigerungen nicht&hellip; <\/p>\n","protected":false},"author":1,"featured_media":0,"comment_status":"closed","ping_status":"closed","sticky":false,"template":"","format":"standard","meta":{"footnotes":""},"categories":[2275,596],"tags":[2463,3179,3178,1208,146],"quellen":[331],"class_list":["post-8845","post","type-post","status-publish","format-standard","hentry","category-corona-krise","category-ehrenamtliches-engagement","tag-corona-pandemie","tag-energiekosten","tag-energiepreise","tag-gemeinnuetzige-vereine","tag-vereine","quellen-mdl-stefan-zimkeit"],"_links":{"self":[{"href":"https:\/\/meier-gerdingh.de\/wp-spd-ob\/wp-json\/wp\/v2\/posts\/8845","targetHints":{"allow":["GET"]}}],"collection":[{"href":"https:\/\/meier-gerdingh.de\/wp-spd-ob\/wp-json\/wp\/v2\/posts"}],"about":[{"href":"https:\/\/meier-gerdingh.de\/wp-spd-ob\/wp-json\/wp\/v2\/types\/post"}],"author":[{"embeddable":true,"href":"https:\/\/meier-gerdingh.de\/wp-spd-ob\/wp-json\/wp\/v2\/users\/1"}],"replies":[{"embeddable":true,"href":"https:\/\/meier-gerdingh.de\/wp-spd-ob\/wp-json\/wp\/v2\/comments?post=8845"}],"version-history":[{"count":0,"href":"https:\/\/meier-gerdingh.de\/wp-spd-ob\/wp-json\/wp\/v2\/posts\/8845\/revisions"}],"wp:attachment":[{"href":"https:\/\/meier-gerdingh.de\/wp-spd-ob\/wp-json\/wp\/v2\/media?parent=8845"}],"wp:term":[{"taxonomy":"category","embeddable":true,"href":"https:\/\/meier-gerdingh.de\/wp-spd-ob\/wp-json\/wp\/v2\/categories?post=8845"},{"taxonomy":"post_tag","embeddable":true,"href":"https:\/\/meier-gerdingh.de\/wp-spd-ob\/wp-json\/wp\/v2\/tags?post=8845"},{"taxonomy":"quellen","embeddable":true,"href":"https:\/\/meier-gerdingh.de\/wp-spd-ob\/wp-json\/wp\/v2\/quellen?post=8845"}],"curies":[{"name":"wp","href":"https:\/\/api.w.org\/{rel}","templated":true}]}}