{"id":885,"date":"2011-06-29T16:00:00","date_gmt":"2011-06-29T14:00:00","guid":{"rendered":"http:\/\/www.meier-gerdingh.de\/spd-oberhausen\/wp\/?p=885"},"modified":"2017-05-16T13:30:17","modified_gmt":"2017-05-16T11:30:17","slug":"umbesetzungen-in-ausschuessen-und-aufsichtsraeten","status":"publish","type":"post","link":"https:\/\/meier-gerdingh.de\/wp-spd-ob\/2011\/06\/29\/umbesetzungen-in-ausschuessen-und-aufsichtsraeten\/","title":{"rendered":"Umbesetzungen in Aussch\u00fcssen und Aufsichtsr\u00e4ten"},"content":{"rendered":"<div style=\"width: 150px\" class=\"wp-caption alignleft\"><a href=\"http:\/\/meier-gerdingh.de\/wp-spd-ob\/wp-content\/uploads\/koppers_peter.jpg\"><img decoding=\"async\" class=\"size-full\" src=\"http:\/\/meier-gerdingh.de\/wp-spd-ob\/wp-content\/uploads\/koppers_peter.jpg\" alt=\"\" width=\"140\" height=\"184\" \/><\/a><p class=\"wp-caption-text\">Peter Koppers<\/p><\/div>\n<p>Der verstorbene Josef Loege hinterlie\u00df nicht nur bei seinen Freunden und seiner Familie eine gro\u00dfe L\u00fccke, sondern auch in der politischen Landschaft Oberhausens. Durch seinen fr\u00fchen Tod wurden zahlreiche Umbesetzungen notwendig, die der Rat in seiner letzten Sitzung beschlossen hat. Gem\u00e4\u00df der Reserveliste wurde Peter Koppers neues Fraktionsmitglied. Der Erste Bevollm\u00e4chtigte der IG Metall hat dem Rat bereits zwischen 2004 und 2009 angeh\u00f6rt.<!--more--><\/p>\n<p>Damals war er f\u00fcr den frisch gew\u00e4hlten Oberb\u00fcrgermeister Klaus Wehling nachger\u00fcckt. Nun wird er die SPD in den st\u00e4dtischen Aussch\u00fcssen f\u00fcr Soziales, Rechnungspr\u00fcfung und Wahlpr\u00fcfung vertreten. Durch die Mitgliedschaft im Sozialausschuss r\u00fcckt er zugleich in die Aufsichtsr\u00e4te der Besch\u00e4ftigungsf\u00f6rderung Oberhausen (BFO) und der Alteneinrichtungen der Stadt Oberhausen (ASO) nach.<\/p>\n<p>Sonja Bongers, die bislang im Sozialausschuss vertreten war, \u00fcbernimmt den Platz von Josef Loege in der Vergabekommission. Neuer Vorsitzender der Kommission wird Karl-Heinz Pflugbeil. Dieter Jan\u00dfen ersetzt ihn dort als Sprecher der SPD-Fraktion.<\/p>\n<p>In den \u00c4ltestenrat wurde Karl-Heinz Emmerich berufen.<\/p>\n<p>Beatriks Brands kehrt in den Haupt- und Finanzausschuss zur\u00fcck.<\/p>\n<p>Loeges herausragende Rolle im Sportbereich wird zuk\u00fcnftig von gleich drei Stadtverordneten fortgef\u00fchrt: Alfred R\u00f6der \u00fcbernimmt sein Mandat im Sportausschuss. Der Fraktionsarbeitskreis Sport wird von Klaus K\u00f6sling geleitet. Neuer Sprecher der Fraktion im Sportausschuss ist Ren\u00e9 Pascheberg, der auch den Aufsichtsrat der Luise-Albertz-Halle verst\u00e4rken wird.<\/p>\n<p>Die Vertretung der SPD im Aufsichtsrat der Gemeinschaftsm\u00fcllverbrennungsanlage (GMVA) \u00fcbernimmt Wolfgang Gro\u00dfe Br\u00f6mer. Dirk V\u00f6pel wurde in den Beirat des Stadtteilprojekts Lirich entsandt.<\/p>\n","protected":false},"excerpt":{"rendered":"<p>Der verstorbene Josef Loege hinterlie\u00df nicht nur bei seinen Freunden und seiner Familie eine gro\u00dfe L\u00fccke, sondern auch in der politischen Landschaft Oberhausens. Durch seinen fr\u00fchen Tod wurden zahlreiche Umbesetzungen&hellip; <\/p>\n","protected":false},"author":1,"featured_media":0,"comment_status":"closed","ping_status":"closed","sticky":false,"template":"","format":"standard","meta":{"footnotes":""},"categories":[1],"tags":[],"quellen":[],"class_list":["post-885","post","type-post","status-publish","format-standard","hentry","category-allgemein"],"_links":{"self":[{"href":"https:\/\/meier-gerdingh.de\/wp-spd-ob\/wp-json\/wp\/v2\/posts\/885","targetHints":{"allow":["GET"]}}],"collection":[{"href":"https:\/\/meier-gerdingh.de\/wp-spd-ob\/wp-json\/wp\/v2\/posts"}],"about":[{"href":"https:\/\/meier-gerdingh.de\/wp-spd-ob\/wp-json\/wp\/v2\/types\/post"}],"author":[{"embeddable":true,"href":"https:\/\/meier-gerdingh.de\/wp-spd-ob\/wp-json\/wp\/v2\/users\/1"}],"replies":[{"embeddable":true,"href":"https:\/\/meier-gerdingh.de\/wp-spd-ob\/wp-json\/wp\/v2\/comments?post=885"}],"version-history":[{"count":0,"href":"https:\/\/meier-gerdingh.de\/wp-spd-ob\/wp-json\/wp\/v2\/posts\/885\/revisions"}],"wp:attachment":[{"href":"https:\/\/meier-gerdingh.de\/wp-spd-ob\/wp-json\/wp\/v2\/media?parent=885"}],"wp:term":[{"taxonomy":"category","embeddable":true,"href":"https:\/\/meier-gerdingh.de\/wp-spd-ob\/wp-json\/wp\/v2\/categories?post=885"},{"taxonomy":"post_tag","embeddable":true,"href":"https:\/\/meier-gerdingh.de\/wp-spd-ob\/wp-json\/wp\/v2\/tags?post=885"},{"taxonomy":"quellen","embeddable":true,"href":"https:\/\/meier-gerdingh.de\/wp-spd-ob\/wp-json\/wp\/v2\/quellen?post=885"}],"curies":[{"name":"wp","href":"https:\/\/api.w.org\/{rel}","templated":true}]}}