{"id":890,"date":"2011-07-13T16:00:00","date_gmt":"2011-07-13T14:00:00","guid":{"rendered":"http:\/\/www.meier-gerdingh.de\/spd-oberhausen\/wp\/?p=890"},"modified":"2017-05-16T13:29:02","modified_gmt":"2017-05-16T11:29:02","slug":"klaus-koesling-als-fraktionsvize-bestaetigt","status":"publish","type":"post","link":"https:\/\/meier-gerdingh.de\/wp-spd-ob\/2011\/07\/13\/klaus-koesling-als-fraktionsvize-bestaetigt\/","title":{"rendered":"Klaus K\u00f6sling als Fraktionsvize best\u00e4tigt"},"content":{"rendered":"<div style=\"width: 150px\" class=\"wp-caption alignleft\"><a href=\"http:\/\/meier-gerdingh.de\/wp-spd-ob\/wp-content\/uploads\/koesling_klaus_09.jpg\"><img decoding=\"async\" class=\"size-full\" src=\"http:\/\/meier-gerdingh.de\/wp-spd-ob\/wp-content\/uploads\/koesling_klaus_09.jpg\" alt=\"Der Oberhausener Stadtverordnete Klaus K\u00f6sling ist erneut zum stv. Vorsitzenden der SPD-Fraktion beim LVR gew\u00e4hlt worden\" width=\"140\" height=\"169\" \/><\/a><p class=\"wp-caption-text\">Der Oberhausener Stadtverordnete Klaus K\u00f6sling ist erneut zum stv. Vorsitzenden der SPD-Fraktion beim LVR gew\u00e4hlt worden<\/p><\/div>\n<p>Die SPD-Fraktion im Landschaftsverband Rheinland setzt auch zuk\u00fcnftig an zentraler Stelle auf den Oberhausener Stadtverordneten Klaus K\u00f6sling. Bei der turnusgem\u00e4\u00dfen Neuwahl des Fraktionsvorstandes wurde der 46-J\u00e4hrige in dieser Woche erneut zum stellvertretenden Vorsitzenden der SPD-Fraktion in der Landschaftsversammlung, dem Parlament des LVR, gew\u00e4hlt. Ebenfalls best\u00e4tigt wurde K\u00f6sling in seinem Amt als finanzpolitischer Sprecher seiner Fraktion.<!--more--><\/p>\n<p>Die SPD-Fraktion beim LVR hat derzeit 36 Mitglieder und ist damit nach der SPD-Landtagsfraktion der zweitgr\u00f6\u00dfte Zusammenschluss von SPD-Parlamentariern auf \u00fcber\u00f6rtlicher Ebene in NRW. Die Satzung der Fraktion sieht eine Neuwahl des Vorstandes 18 Monate nach der Konstituierung vor. Die neue Amtszeit endet mit der Wahlperiode der Stadt- und Gemeinder\u00e4te im Fr\u00fchjahr 2014.<\/p>\n<p>Mit rund 15.000 Besch\u00e4ftigten und einem j\u00e4hrlichen Haushaltsvolumen von rund 3 Milliarden Euro ist der Landschaftsverband Rheinland einer der gro\u00dfen kommunalen Regional-verb\u00e4nde in Deutschland. F\u00fcr seine Mitglieder, die 27 Kreise und kreisfreien St\u00e4dte des Rheinlandes, ist er vor allem in sozialen Bereichen wie der Eingliederung von Menschen mit Behinderung oder der Kinder-, Jugend- und Familienhilfe t\u00e4tig. Beispielsweise wird auch die Rheinische F\u00f6rderschule f\u00fcr K\u00f6rperbehinderte in Oberhausen vom LVR unterhalten.<\/p>\n","protected":false},"excerpt":{"rendered":"<p>Die SPD-Fraktion im Landschaftsverband Rheinland setzt auch zuk\u00fcnftig an zentraler Stelle auf den Oberhausener Stadtverordneten Klaus K\u00f6sling. Bei der turnusgem\u00e4\u00dfen Neuwahl des Fraktionsvorstandes wurde der 46-J\u00e4hrige in dieser Woche erneut&hellip; <\/p>\n","protected":false},"author":1,"featured_media":0,"comment_status":"closed","ping_status":"closed","sticky":false,"template":"","format":"standard","meta":{"footnotes":""},"categories":[1],"tags":[],"quellen":[],"class_list":["post-890","post","type-post","status-publish","format-standard","hentry","category-allgemein"],"_links":{"self":[{"href":"https:\/\/meier-gerdingh.de\/wp-spd-ob\/wp-json\/wp\/v2\/posts\/890","targetHints":{"allow":["GET"]}}],"collection":[{"href":"https:\/\/meier-gerdingh.de\/wp-spd-ob\/wp-json\/wp\/v2\/posts"}],"about":[{"href":"https:\/\/meier-gerdingh.de\/wp-spd-ob\/wp-json\/wp\/v2\/types\/post"}],"author":[{"embeddable":true,"href":"https:\/\/meier-gerdingh.de\/wp-spd-ob\/wp-json\/wp\/v2\/users\/1"}],"replies":[{"embeddable":true,"href":"https:\/\/meier-gerdingh.de\/wp-spd-ob\/wp-json\/wp\/v2\/comments?post=890"}],"version-history":[{"count":0,"href":"https:\/\/meier-gerdingh.de\/wp-spd-ob\/wp-json\/wp\/v2\/posts\/890\/revisions"}],"wp:attachment":[{"href":"https:\/\/meier-gerdingh.de\/wp-spd-ob\/wp-json\/wp\/v2\/media?parent=890"}],"wp:term":[{"taxonomy":"category","embeddable":true,"href":"https:\/\/meier-gerdingh.de\/wp-spd-ob\/wp-json\/wp\/v2\/categories?post=890"},{"taxonomy":"post_tag","embeddable":true,"href":"https:\/\/meier-gerdingh.de\/wp-spd-ob\/wp-json\/wp\/v2\/tags?post=890"},{"taxonomy":"quellen","embeddable":true,"href":"https:\/\/meier-gerdingh.de\/wp-spd-ob\/wp-json\/wp\/v2\/quellen?post=890"}],"curies":[{"name":"wp","href":"https:\/\/api.w.org\/{rel}","templated":true}]}}