{"id":8905,"date":"2022-05-13T21:47:38","date_gmt":"2022-05-13T19:47:38","guid":{"rendered":"https:\/\/meier-gerdingh.de\/wp-spd-ob\/?p=8905"},"modified":"2022-05-13T21:47:38","modified_gmt":"2022-05-13T19:47:38","slug":"verzoegerungstaktik-bei-niederrhein-kolleg","status":"publish","type":"post","link":"https:\/\/meier-gerdingh.de\/wp-spd-ob\/2022\/05\/13\/verzoegerungstaktik-bei-niederrhein-kolleg\/","title":{"rendered":"Verz\u00f6gerungstaktik bei Niederrhein-Kolleg"},"content":{"rendered":"<div id=\"attachment_8796\" style=\"width: 170px\" class=\"wp-caption alignleft\"><a href=\"https:\/\/meier-gerdingh.de\/wp-spd-ob\/wp-content\/uploads\/2022\/03\/mdl-stefan-zimkeit-2022-lg.jpg\"><img aria-describedby=\"caption-attachment-8796\" decoding=\"async\" class=\"size-full wp-image-8796\" src=\"https:\/\/meier-gerdingh.de\/wp-spd-ob\/wp-content\/uploads\/2022\/03\/mdl-stefan-zimkeit-2022.jpg\" alt=\"\" width=\"160\" height=\"160\" srcset=\"https:\/\/meier-gerdingh.de\/wp-spd-ob\/wp-content\/uploads\/2022\/03\/mdl-stefan-zimkeit-2022.jpg 160w, https:\/\/meier-gerdingh.de\/wp-spd-ob\/wp-content\/uploads\/2022\/03\/mdl-stefan-zimkeit-2022-150x150.jpg 150w\" sizes=\"(max-width: 160px) 100vw, 160px\" \/><\/a><p id=\"caption-attachment-8796\" class=\"wp-caption-text\">Stefan Zimkeit ist Landtagsabgeordneter f\u00fcr Oberhausen-Sterkrade und Dinslaken sowie haushalts- und finanzpolitischer Sprecher der SPD-Landtagsfraktion<\/p><\/div>\n<p>&#8222;Das Versprechen von Schulministerin Gebauer, die Schlie\u00dfung des Niederrhein-Kollegs noch einmal zu pr\u00fcfen, war ein Wahlkampfman\u00f6ver&#8220;, stellt Stefan Zimkeit fest. &#8222;Denn bis heute ist kein Gespr\u00e4chstermin zwischen der Spitze des Ministeriums und der Stadt zustande gekommen. Zun\u00e4chst wurde wochenlang kein Termin angeboten, und nun ist das anberaumte Treffen vom Ministerium kurzfristig abgesagt worden.&#8220; Das zeige, dass seitens der Landesregierung kein wirkliches Interesse am Erhalt der Bildungseinrichtung in Oberhausen besteht, sagt der Landtagsabgeordnete.<!--more--><\/p>\n<p>Vor sechs Wochen hatte Yvonne Gebauer angek\u00fcndigt, vor dem Hintergrund der hohen Anzahl ukrainischer Fl\u00fcchtlinge, die ein schulisches Angebot ben\u00f6tigen, die Schlie\u00dfungsentscheidung zur \u00fcberpr\u00fcfen und Gespr\u00e4che mit der Stadt zu f\u00fchren. &#8222;Damit reagierte sie auch auf die im Landtag ge\u00e4u\u00dferte Kritik und die Proteste aus der Oberhausener Bev\u00f6lkerung und der Studierenden und Lehrkr\u00e4fte.&#8220; Doch anschlie\u00dfend sei nichts passiert, kritisiert Zimkeit die &#8222;Verz\u00f6gerungstaktik&#8220; des Ministeriums, mit der sich Gebauer &#8222;\u00fcber den Wahltermin retten will&#8220;.<\/p>\n<p>Der SPD-Finanzexperte bef\u00fcrchtet, dass der n\u00e4chste Anmeldetermin im August kaum noch eingehalten werden kann. &#8222;Nach der Landtagswahl am Sonntag muss dieses Thema deshalb mit h\u00f6chster Dringlichkeit angegangen werden&#8220;, so Stefan Zimkeit.<\/p>\n","protected":false},"excerpt":{"rendered":"<p>&#8222;Das Versprechen von Schulministerin Gebauer, die Schlie\u00dfung des Niederrhein-Kollegs noch einmal zu pr\u00fcfen, war ein Wahlkampfman\u00f6ver&#8220;, stellt Stefan Zimkeit fest. &#8222;Denn bis heute ist kein Gespr\u00e4chstermin zwischen der Spitze des&hellip; <\/p>\n","protected":false},"author":1,"featured_media":0,"comment_status":"closed","ping_status":"closed","sticky":false,"template":"","format":"standard","meta":{"footnotes":""},"categories":[231,216],"tags":[1519,3159,2918,3158,3142,1264,3131],"quellen":[331],"class_list":["post-8905","post","type-post","status-publish","format-standard","hentry","category-bildung","category-land","tag-abitur","tag-hochschulzugang","tag-niederrhein-kolleg","tag-schulministerium-nrw","tag-ukraine-fluechtlinge","tag-weiterbildung","tag-zweiter-bildungsweg","quellen-mdl-stefan-zimkeit"],"_links":{"self":[{"href":"https:\/\/meier-gerdingh.de\/wp-spd-ob\/wp-json\/wp\/v2\/posts\/8905","targetHints":{"allow":["GET"]}}],"collection":[{"href":"https:\/\/meier-gerdingh.de\/wp-spd-ob\/wp-json\/wp\/v2\/posts"}],"about":[{"href":"https:\/\/meier-gerdingh.de\/wp-spd-ob\/wp-json\/wp\/v2\/types\/post"}],"author":[{"embeddable":true,"href":"https:\/\/meier-gerdingh.de\/wp-spd-ob\/wp-json\/wp\/v2\/users\/1"}],"replies":[{"embeddable":true,"href":"https:\/\/meier-gerdingh.de\/wp-spd-ob\/wp-json\/wp\/v2\/comments?post=8905"}],"version-history":[{"count":0,"href":"https:\/\/meier-gerdingh.de\/wp-spd-ob\/wp-json\/wp\/v2\/posts\/8905\/revisions"}],"wp:attachment":[{"href":"https:\/\/meier-gerdingh.de\/wp-spd-ob\/wp-json\/wp\/v2\/media?parent=8905"}],"wp:term":[{"taxonomy":"category","embeddable":true,"href":"https:\/\/meier-gerdingh.de\/wp-spd-ob\/wp-json\/wp\/v2\/categories?post=8905"},{"taxonomy":"post_tag","embeddable":true,"href":"https:\/\/meier-gerdingh.de\/wp-spd-ob\/wp-json\/wp\/v2\/tags?post=8905"},{"taxonomy":"quellen","embeddable":true,"href":"https:\/\/meier-gerdingh.de\/wp-spd-ob\/wp-json\/wp\/v2\/quellen?post=8905"}],"curies":[{"name":"wp","href":"https:\/\/api.w.org\/{rel}","templated":true}]}}