{"id":8909,"date":"2022-05-18T16:35:09","date_gmt":"2022-05-18T14:35:09","guid":{"rendered":"https:\/\/meier-gerdingh.de\/wp-spd-ob\/?p=8909"},"modified":"2022-05-19T16:38:09","modified_gmt":"2022-05-19T14:38:09","slug":"bewaehrtes-team-setzt-arbeit-fort","status":"publish","type":"post","link":"https:\/\/meier-gerdingh.de\/wp-spd-ob\/2022\/05\/18\/bewaehrtes-team-setzt-arbeit-fort\/","title":{"rendered":"Bew\u00e4hrtes Team setzt Arbeit fort"},"content":{"rendered":"<div id=\"attachment_8907\" style=\"width: 710px\" class=\"wp-caption aligncenter\"><a href=\"https:\/\/meier-gerdingh.de\/wp-spd-ob\/wp-content\/uploads\/2022\/05\/ov-alsfeld-holten-vorstand-2022-lg.jpg\"><img aria-describedby=\"caption-attachment-8907\" decoding=\"async\" class=\"size-full wp-image-8907\" src=\"https:\/\/meier-gerdingh.de\/wp-spd-ob\/wp-content\/uploads\/2022\/05\/ov-alsfeld-holten-vorstand-2022.jpg\" alt=\"\" width=\"700\" height=\"491\" srcset=\"https:\/\/meier-gerdingh.de\/wp-spd-ob\/wp-content\/uploads\/2022\/05\/ov-alsfeld-holten-vorstand-2022.jpg 700w, https:\/\/meier-gerdingh.de\/wp-spd-ob\/wp-content\/uploads\/2022\/05\/ov-alsfeld-holten-vorstand-2022-300x210.jpg 300w, https:\/\/meier-gerdingh.de\/wp-spd-ob\/wp-content\/uploads\/2022\/05\/ov-alsfeld-holten-vorstand-2022-330x230.jpg 330w\" sizes=\"(max-width: 700px) 100vw, 700px\" \/><\/a><p id=\"caption-attachment-8907\" class=\"wp-caption-text\">J\u00f6rg Chlebowski, Norbert Nadolski, Lena Kamps-Engel, Hans-G\u00fcnter Wrobel, Helmuth Eidam, Karsten Jurzik, Uschi Dorroch, Kai Wesely, Helmut Brodrick, Matthias Brodrick.<\/p><\/div>\n<p>F\u00fcr die Menschen in Alsfeld und Holten: Anfang Mai w\u00e4hlte der gleichnamige SPD-Ortsverein seinen neuen Vorstand. Mit dabei viele bekannte Gesichter, die auch in den letzten Jahren gut zusammen gearbeitet haben. &#8222;Wir wollen gerne weiterhin als Gemeinschaft den Menschen hier vor Ort zuh\u00f6ren und uns dann f\u00fcr sie einsetzen. Besonders in der Stadtentwicklung gibt es in unserem Bereich noch einiges zu tun. Zum Beispiel zum Stichwort &#8218;Rahmenplan Holten&#8216;, an dem unsere Mitglieder aus Holten in ihren verschiedenen Funktionen ganz intensiv mitgearbeitet haben und der nun verabschiedet wurde&#8220;, so die <strong>neue Vorsitzende<\/strong> Lena Kamps-Engel.<!--more--><\/p>\n<p>Unterst\u00fctzt wird sie von ihren <strong>Stellvertretern<\/strong> Helmuth Eidam, der das Amt des Vorsitzenden aus Altersgr\u00fcnden nicht mehr aus\u00fcben wollte, und Helmut Brodrick (SPD-Ratsmitglied f\u00fcr Holten).<\/p>\n<p>Auch die bew\u00e4hrten Dialogformate wie den offenen Stammtisch (Ansprechpartner Hans-G\u00fcnter Wrobel) oder die B\u00fcrgerversammlung in Holten sollen fortgesetzt und auf Alsfeld ausgeweitet werden.<\/p>\n<p>Komplettiert wird der <strong>Vorstand<\/strong> durch<\/p>\n<ul>\n<li>Norbert Nadolski (<strong>Kassierer<\/strong>)<\/li>\n<li>Ugur Coskun (<strong>stellv. Kassierer<\/strong>)<\/li>\n<li>J\u00f6rg Chlebowski (<strong>Schriftf\u00fchrer<\/strong>)<\/li>\n<li>Michael Pfitzner (<strong>stellv. Schriftf\u00fchrer<\/strong>)<\/li>\n<\/ul>\n<p>und die <strong>Beisitzenden<\/strong>:<\/p>\n<ul>\n<li>Thorsten Berg<\/li>\n<li>Matthias Brodrick<\/li>\n<li>Dominik Hofmann<\/li>\n<li>Karsten Jurzik<\/li>\n<li>Olaf Rabsilber<\/li>\n<li>Kai Wesely<\/li>\n<li>Hans-G\u00fcnter Wrobel<\/li>\n<\/ul>\n<p>Als <strong>Kassenpr\u00fcfende<\/strong> wurden Uschi Dorroch und Bernd Oesterschlink gew\u00e4hlt.<\/p>\n","protected":false},"excerpt":{"rendered":"<p>F\u00fcr die Menschen in Alsfeld und Holten: Anfang Mai w\u00e4hlte der gleichnamige SPD-Ortsverein seinen neuen Vorstand. Mit dabei viele bekannte Gesichter, die auch in den letzten Jahren gut zusammen gearbeitet&hellip; <\/p>\n","protected":false},"author":1,"featured_media":0,"comment_status":"closed","ping_status":"closed","sticky":false,"template":"","format":"standard","meta":{"footnotes":""},"categories":[173,2169],"tags":[1377,3199,386,71,3197,3198],"quellen":[336],"class_list":["post-8909","post","type-post","status-publish","format-standard","hentry","category-parteileben","category-personalien","tag-alsfeld","tag-buergerversammlung-holten","tag-holten","tag-jahreshauptversammlung","tag-rahmenplan-holten","tag-stammtisch-holten","quellen-ov-alsfeld-holten"],"_links":{"self":[{"href":"https:\/\/meier-gerdingh.de\/wp-spd-ob\/wp-json\/wp\/v2\/posts\/8909","targetHints":{"allow":["GET"]}}],"collection":[{"href":"https:\/\/meier-gerdingh.de\/wp-spd-ob\/wp-json\/wp\/v2\/posts"}],"about":[{"href":"https:\/\/meier-gerdingh.de\/wp-spd-ob\/wp-json\/wp\/v2\/types\/post"}],"author":[{"embeddable":true,"href":"https:\/\/meier-gerdingh.de\/wp-spd-ob\/wp-json\/wp\/v2\/users\/1"}],"replies":[{"embeddable":true,"href":"https:\/\/meier-gerdingh.de\/wp-spd-ob\/wp-json\/wp\/v2\/comments?post=8909"}],"version-history":[{"count":0,"href":"https:\/\/meier-gerdingh.de\/wp-spd-ob\/wp-json\/wp\/v2\/posts\/8909\/revisions"}],"wp:attachment":[{"href":"https:\/\/meier-gerdingh.de\/wp-spd-ob\/wp-json\/wp\/v2\/media?parent=8909"}],"wp:term":[{"taxonomy":"category","embeddable":true,"href":"https:\/\/meier-gerdingh.de\/wp-spd-ob\/wp-json\/wp\/v2\/categories?post=8909"},{"taxonomy":"post_tag","embeddable":true,"href":"https:\/\/meier-gerdingh.de\/wp-spd-ob\/wp-json\/wp\/v2\/tags?post=8909"},{"taxonomy":"quellen","embeddable":true,"href":"https:\/\/meier-gerdingh.de\/wp-spd-ob\/wp-json\/wp\/v2\/quellen?post=8909"}],"curies":[{"name":"wp","href":"https:\/\/api.w.org\/{rel}","templated":true}]}}