{"id":8919,"date":"2022-05-25T21:30:32","date_gmt":"2022-05-25T19:30:32","guid":{"rendered":"https:\/\/meier-gerdingh.de\/wp-spd-ob\/?p=8919"},"modified":"2022-05-25T21:30:32","modified_gmt":"2022-05-25T19:30:32","slug":"spd-umweltpolitiker-diskutieren-auch-stadtsauberkeit","status":"publish","type":"post","link":"https:\/\/meier-gerdingh.de\/wp-spd-ob\/2022\/05\/25\/spd-umweltpolitiker-diskutieren-auch-stadtsauberkeit\/","title":{"rendered":"SPD-Umweltpolitiker diskutieren auch Stadtsauberkeit"},"content":{"rendered":"<div id=\"attachment_8916\" style=\"width: 710px\" class=\"wp-caption aligncenter\"><a href=\"https:\/\/meier-gerdingh.de\/wp-spd-ob\/wp-content\/uploads\/2022\/05\/ak-umwelt-klausur-2022-lg.jpg\"><img aria-describedby=\"caption-attachment-8916\" decoding=\"async\" class=\"size-full wp-image-8916\" src=\"https:\/\/meier-gerdingh.de\/wp-spd-ob\/wp-content\/uploads\/2022\/05\/ak-umwelt-klausur-2022.jpg\" alt=\"\" width=\"700\" height=\"387\" srcset=\"https:\/\/meier-gerdingh.de\/wp-spd-ob\/wp-content\/uploads\/2022\/05\/ak-umwelt-klausur-2022.jpg 700w, https:\/\/meier-gerdingh.de\/wp-spd-ob\/wp-content\/uploads\/2022\/05\/ak-umwelt-klausur-2022-300x166.jpg 300w\" sizes=\"(max-width: 700px) 100vw, 700px\" \/><\/a><p id=\"caption-attachment-8916\" class=\"wp-caption-text\">Umweltpolitiker der SPD-Ratsfraktion und ihre G\u00e4ste aus der Stadtverwaltung sind im Haus Union zur Jahresklausur des Arbeitskreises Umwelt zusammengekommen<\/p><\/div>\n<p>Nach einer Corona-Pause sind nun die Umweltpolitiker der SPD-Ratsfraktion wieder zu ihrer Klausur zusammengekommen und haben \u00fcber verschiedene, aktuelle Themen aus ihrem Verantwortungsbereich diskutiert. Ein Schwerpunkt war einmal mehr die Stadtsauberkeit, die nicht nur in den Augen der Stadtverordneten deutlich verbesserungsw\u00fcrdig ist.<!--more--><\/p>\n<p>&#8222;M\u00fclltonnen, die nicht nur am Leerungstag oder auch mal am Abend vorher, sondern andauernd auf dem B\u00fcrgersteig stehen, sind leider keine Ausnahme&#8220;, erkl\u00e4rt der Umweltpolitische Sprecher der Fraktion, Manfred Flore. &#8222;Dort st\u00f6ren sie Passanten und tun dem Stadtbild alles andere als gut.&#8220; Auch wenn sich herauskristallisiert habe, dass es in dieser Frage keine einfache L\u00f6sung gebe, sei dies ein Thema, bei dem die SPD nicht lockerlassen will.<\/p>\n","protected":false},"excerpt":{"rendered":"<p>Nach einer Corona-Pause sind nun die Umweltpolitiker der SPD-Ratsfraktion wieder zu ihrer Klausur zusammengekommen und haben \u00fcber verschiedene, aktuelle Themen aus ihrem Verantwortungsbereich diskutiert. Ein Schwerpunkt war einmal mehr die&hellip; <\/p>\n","protected":false},"author":1,"featured_media":0,"comment_status":"closed","ping_status":"closed","sticky":false,"template":"","format":"standard","meta":{"footnotes":""},"categories":[29],"tags":[3204,114,3202],"quellen":[326],"class_list":["post-8919","post","type-post","status-publish","format-standard","hentry","category-umwelt","tag-klausurtagung","tag-sauberkeit","tag-stadtsauberkeit","quellen-spd-fraktion-oberhausen"],"_links":{"self":[{"href":"https:\/\/meier-gerdingh.de\/wp-spd-ob\/wp-json\/wp\/v2\/posts\/8919","targetHints":{"allow":["GET"]}}],"collection":[{"href":"https:\/\/meier-gerdingh.de\/wp-spd-ob\/wp-json\/wp\/v2\/posts"}],"about":[{"href":"https:\/\/meier-gerdingh.de\/wp-spd-ob\/wp-json\/wp\/v2\/types\/post"}],"author":[{"embeddable":true,"href":"https:\/\/meier-gerdingh.de\/wp-spd-ob\/wp-json\/wp\/v2\/users\/1"}],"replies":[{"embeddable":true,"href":"https:\/\/meier-gerdingh.de\/wp-spd-ob\/wp-json\/wp\/v2\/comments?post=8919"}],"version-history":[{"count":0,"href":"https:\/\/meier-gerdingh.de\/wp-spd-ob\/wp-json\/wp\/v2\/posts\/8919\/revisions"}],"wp:attachment":[{"href":"https:\/\/meier-gerdingh.de\/wp-spd-ob\/wp-json\/wp\/v2\/media?parent=8919"}],"wp:term":[{"taxonomy":"category","embeddable":true,"href":"https:\/\/meier-gerdingh.de\/wp-spd-ob\/wp-json\/wp\/v2\/categories?post=8919"},{"taxonomy":"post_tag","embeddable":true,"href":"https:\/\/meier-gerdingh.de\/wp-spd-ob\/wp-json\/wp\/v2\/tags?post=8919"},{"taxonomy":"quellen","embeddable":true,"href":"https:\/\/meier-gerdingh.de\/wp-spd-ob\/wp-json\/wp\/v2\/quellen?post=8919"}],"curies":[{"name":"wp","href":"https:\/\/api.w.org\/{rel}","templated":true}]}}