{"id":896,"date":"2011-08-19T16:00:00","date_gmt":"2011-08-19T14:00:00","guid":{"rendered":"http:\/\/www.meier-gerdingh.de\/spd-oberhausen\/wp\/?p=896"},"modified":"2017-05-16T13:28:19","modified_gmt":"2017-05-16T11:28:19","slug":"neues-leben-fuer-schacht-iv","status":"publish","type":"post","link":"https:\/\/meier-gerdingh.de\/wp-spd-ob\/2011\/08\/19\/neues-leben-fuer-schacht-iv\/","title":{"rendered":"Neues Leben f\u00fcr Schacht IV"},"content":{"rendered":"<div style=\"width: 210px\" class=\"wp-caption alignleft\"><a href=\"http:\/\/meier-gerdingh.de\/wp-spd-ob\/wp-content\/uploads\/sommerschule_2011_02.jpg\"><img decoding=\"async\" class=\"size-full\" src=\"http:\/\/meier-gerdingh.de\/wp-spd-ob\/wp-content\/uploads\/sommerschule_2011_02.jpg\" alt=\"\u00dcber 70 B\u00fcrgerinnen und B\u00fcrger informierten sich beim zweiten Termin der diesj\u00e4hrigen Sommerschule \u00fcber die Planungen f\u00fcr das Schacht-IV-Gel\u00e4nde\" width=\"200\" height=\"152\" \/><\/a><p class=\"wp-caption-text\">\u00dcber 70 B\u00fcrgerinnen und B\u00fcrger informierten sich beim zweiten Termin der diesj\u00e4hrigen Sommerschule \u00fcber die Planungen f\u00fcr das Schacht-IV-Gel\u00e4nde<\/p><\/div>\n<p>Vor \u00fcber 70 Teilnehmern der SPD-Sommerschule stellte Planungsdezernent Peter Klunk gestern die Pl\u00e4ne f\u00fcr das Schacht-IV-Gel\u00e4nde im Osterfelder Ortsteil K\u00f6nigshardt vor. Wohnen und Pflege sollen in die markanten Zechengeb\u00e4ude zuk\u00fcnftig Einzug halten. &#8222;Pl\u00e4ne f\u00fcr eine Nutzung des Schachtgel\u00e4ndes gab es bereits einige,&#8220; r\u00e4umte Peter Klunk gleich zu Anfang ein, &#8222;bislang aber scheiterte deren Verwirklichung immer am g\u00fcltigen Bergrecht, dem das Grundst\u00fcck unterliegt.&#8220;<!--more--><\/p>\n<p>Seitens des Bergbaus besteht kein Interesse am Erhalt der historischen Zechengeb\u00e4ude. Ein Abrissantrag f\u00fcr F\u00f6rderturm und Waschkaue liegt der Stadt seit Jahren vor. Allein die Genehmigung ist bisher nicht erfolgt. &#8222;F\u00fcr uns n\u00e4mlich gab es nie einen Zweifel daran&#8220;, erl\u00e4uterte Klunk, &#8222;dass die historische Bausubstanz bewahrt und einer neuen Nutzung zugef\u00fchrt werden muss.&#8220; Vor allem der F\u00f6rderturm ist ein industriearchitektonisches Kleinod. Optisch den wuchtigen Malakow-T\u00fcrmen nachempfungen, entspricht seine Bauweise mit ausgemauertem Stahlfachwerk der des Weltkulturerbes Zeche Zollverein und soll ihr sogar als Vorbild gedient haben. Nach dem Ende des Zechenbetriebs 1992 wurden die Geb\u00e4ude unter Denkmalschutz gestellt. Eine wirtschaftlich tragf\u00e4hige Nachfolgenutzung suchte man bisher aber vergebens. Das scheint sich nun ge\u00e4ndert zu haben.<\/p>\n<p>Bereits vor einigen Wochen wurde das Grundst\u00fcck verkauft an einen privaten Projektentwickler, der dort die Errichtung von zweist\u00f6ckigen Reihenh\u00e4usern plant. Auch hinter der Fassade der Waschkaue sollen 10 Wohnungen entstehen. Der hoch aufragende F\u00f6rderturm soll Ankerpunkt eines Wohn- und Pflegezentrums f\u00fcr rund 80 Senioren werden. Vorgesehen ist dabei allerdings, nur die beiden unteren Geschosse des Turms tats\u00e4chlich zu nutzen. Die oberen Stockwerke sollen lediglich stabilisiert werden.<\/p>\n<p>&#8222;Der vollst\u00e4ndige Innenausbau des Turms w\u00e4re extrem teuer&#8220;, sagte Klunk. &#8222;Allein um die Standfestigkeit dauerhaft zu gew\u00e4hrleisten, muss \u00fcber eine halbe Million Euro investiert werden.&#8220; Angeschlossen werden soll das neue Wohnquartier mit zwei Stichstra\u00dfen, die auf den F\u00f6rderturm zulaufen und dort enden. Durchgangsverkehr wird lediglich f\u00fcr Fu\u00dfg\u00e4nger und Radfahrer m\u00f6glich sein. Das Schachtgel\u00e4nde soll sich damit nahtlos einf\u00fcgen in den Freizeitraum rund um das Au\u00dfengel\u00e4nde der St. Antony-H\u00fctte und das Elpenbachtal.<\/p>\n<p>Diese Aussicht freut besonders Bezirksb\u00fcrgermeister Karl-Heinz Pflugbeil: &#8222;Die Erschlie\u00dfung des Schacht-IV-Gel\u00e4ndes ist ein wichtiger Baustein f\u00fcr die Stadtteilentwicklung Osterfelds. Im Zusammenspiel mit dem neuen industriearch\u00e4ologischen Park und dem Elpenbachpark kann dieses Projekt zu einer nachhaltigen Aufwertung des gesamten Ortsteils f\u00fchren.&#8220; Bis dahin aber wird es mindestens noch 18 Monate dauern. Dann wird fr\u00fchestens g\u00fcltiges Baurecht vorliegen. Bis dahin muss die Entlassung des Zechengel\u00e4ndes aus der Bergeaufsicht betrieben werden und auch die Anwohner sollen Gelegenheit bekommen, in einem Beteiligungsverfahren Einfluss zu nehmen auf die Wiederbelebung von Schacht IV.<\/p>\n","protected":false},"excerpt":{"rendered":"<p>Vor \u00fcber 70 Teilnehmern der SPD-Sommerschule stellte Planungsdezernent Peter Klunk gestern die Pl\u00e4ne f\u00fcr das Schacht-IV-Gel\u00e4nde im Osterfelder Ortsteil K\u00f6nigshardt vor. Wohnen und Pflege sollen in die markanten Zechengeb\u00e4ude zuk\u00fcnftig&hellip; <\/p>\n","protected":false},"author":1,"featured_media":0,"comment_status":"closed","ping_status":"closed","sticky":false,"template":"","format":"standard","meta":{"footnotes":""},"categories":[1],"tags":[],"quellen":[],"class_list":["post-896","post","type-post","status-publish","format-standard","hentry","category-allgemein"],"_links":{"self":[{"href":"https:\/\/meier-gerdingh.de\/wp-spd-ob\/wp-json\/wp\/v2\/posts\/896","targetHints":{"allow":["GET"]}}],"collection":[{"href":"https:\/\/meier-gerdingh.de\/wp-spd-ob\/wp-json\/wp\/v2\/posts"}],"about":[{"href":"https:\/\/meier-gerdingh.de\/wp-spd-ob\/wp-json\/wp\/v2\/types\/post"}],"author":[{"embeddable":true,"href":"https:\/\/meier-gerdingh.de\/wp-spd-ob\/wp-json\/wp\/v2\/users\/1"}],"replies":[{"embeddable":true,"href":"https:\/\/meier-gerdingh.de\/wp-spd-ob\/wp-json\/wp\/v2\/comments?post=896"}],"version-history":[{"count":0,"href":"https:\/\/meier-gerdingh.de\/wp-spd-ob\/wp-json\/wp\/v2\/posts\/896\/revisions"}],"wp:attachment":[{"href":"https:\/\/meier-gerdingh.de\/wp-spd-ob\/wp-json\/wp\/v2\/media?parent=896"}],"wp:term":[{"taxonomy":"category","embeddable":true,"href":"https:\/\/meier-gerdingh.de\/wp-spd-ob\/wp-json\/wp\/v2\/categories?post=896"},{"taxonomy":"post_tag","embeddable":true,"href":"https:\/\/meier-gerdingh.de\/wp-spd-ob\/wp-json\/wp\/v2\/tags?post=896"},{"taxonomy":"quellen","embeddable":true,"href":"https:\/\/meier-gerdingh.de\/wp-spd-ob\/wp-json\/wp\/v2\/quellen?post=896"}],"curies":[{"name":"wp","href":"https:\/\/api.w.org\/{rel}","templated":true}]}}