{"id":899,"date":"2011-09-08T16:00:00","date_gmt":"2011-09-08T14:00:00","guid":{"rendered":"http:\/\/www.meier-gerdingh.de\/spd-oberhausen\/wp\/?p=899"},"modified":"2017-05-15T21:16:16","modified_gmt":"2017-05-15T19:16:16","slug":"26-zusaetzliche-sozialarbeiterstellen-fuer-oberhausener-schulen","status":"publish","type":"post","link":"https:\/\/meier-gerdingh.de\/wp-spd-ob\/2011\/09\/08\/26-zusaetzliche-sozialarbeiterstellen-fuer-oberhausener-schulen\/","title":{"rendered":"26 zus\u00e4tzliche Sozialarbeiterstellen f\u00fcr Oberhausener Schulen"},"content":{"rendered":"<div style=\"width: 150px\" class=\"wp-caption alignleft\"><a href=\"http:\/\/meier-gerdingh.de\/wp-spd-ob\/wp-content\/uploads\/grosse_broemer_wolfgang_09.jpg\"><img decoding=\"async\" class=\"size-full\" src=\"http:\/\/meier-gerdingh.de\/wp-spd-ob\/wp-content\/uploads\/grosse_broemer_wolfgang_09.jpg\" alt=\"Wolfgang Gro\u00dfe Br\u00f6mer ist Vorsitzender der SPD-Ratsfraktion und Mitglied des Landtags f\u00fcr Alt-Oberhausen und Osterfeld\" width=\"140\" height=\"169\" \/><\/a><p class=\"wp-caption-text\">Wolfgang Gro\u00dfe Br\u00f6mer ist Vorsitzender der SPD-Ratsfraktion und Mitglied des Landtags f\u00fcr Alt-Oberhausen und Osterfeld<\/p><\/div>\n<p>Das beharrliche Verhandlungsgeschick der SPD zum Bildungs- und Teilhabepaket im Bundesrat tr\u00e4gt erste Fr\u00fcchte. Dank der Initiative der Sozialdemokraten im Bund, darf sich die Stadt Oberhausen \u00fcber 26 neue Sozialarbeiterstellen freuen, die voraussichtlich schon zum 1. Januar 2012 ihre Arbeit aufnehmen werden. M\u00f6glich wird dies trotz knapper Stadtkassen durch Bundesgelder, die erstmals f\u00fcr diese Stellen flie\u00dfen. Nach dem Wunsch der Oberhausener Sozialdemokraten sollen vor allem die st\u00e4dtischen Grundschulen sowie die Schulstandorte mit besonderem Unterst\u00fctzungsbedarf von den zus\u00e4tzlichen Kr\u00e4ften profitieren.<!--more--><\/p>\n<p>Die Frage, welche Schulen in den Genuss eines Sozialarbeiters kommen, ist noch nicht konkret entschieden, so Stefan Zimkeit, schulpolitischer Sprecher der SPD-Ratsfraktion und Landtagsabgeordneter. &#8222;Wichtig ist, dass wir bei der Verteilung besonders die Schulstandorte in sozial schwierigem Umfeld ber\u00fccksichtigen. Hierzu werden wir die Verwaltung auffordern, auf Grundlage des Oberhausener Bildungsberichts Kriterienvorschl\u00e4ge sowie ein Verteilungskonzept vorzulegen.&#8220;<\/p>\n<p>Die Ausweitung der Schulsozialarbeit soll nach dem Willen der Genossen Teil einer nachhaltige Unterst\u00fctzungsstruktur f\u00fcr die Oberhausener Schulen sein. In diesem Zusammenhang m\u00fcsse auch \u00fcber die Einbindung der Tr\u00e4ger des offenen Ganztags nachgedacht werden, die bereits \u00fcber Erfahrungen an den Schulen vor Ort verf\u00fcgten.<\/p>\n<p>&#8222;Schulsozialarbeit ist f\u00fcr uns eine dauerhafte Aufgabe,&#8220; so Wolfgang Gro\u00dfe Br\u00f6mer, Vorsitzender des Schulausschusses. &#8222;Es gibt keine inhaltliche Begr\u00fcndung, warum Frau von der Leyen die Bundesmittel f\u00fcr Sozialarbeit an unseren Schulen auf zwei Jahre befristet hat. Strukturen, die jetzt entstehen, m\u00fcssen eine dauerhafte Planungssicherheit erhalten. Hier ist der Bund aus Sicht der SPD auch \u00fcber das Jahr 2013 hinaus in der Pflicht!&#8220;<\/p>\n","protected":false},"excerpt":{"rendered":"<p>Das beharrliche Verhandlungsgeschick der SPD zum Bildungs- und Teilhabepaket im Bundesrat tr\u00e4gt erste Fr\u00fcchte. Dank der Initiative der Sozialdemokraten im Bund, darf sich die Stadt Oberhausen \u00fcber 26 neue Sozialarbeiterstellen&hellip; <\/p>\n","protected":false},"author":1,"featured_media":0,"comment_status":"closed","ping_status":"closed","sticky":false,"template":"","format":"standard","meta":{"footnotes":""},"categories":[1],"tags":[],"quellen":[],"class_list":["post-899","post","type-post","status-publish","format-standard","hentry","category-allgemein"],"_links":{"self":[{"href":"https:\/\/meier-gerdingh.de\/wp-spd-ob\/wp-json\/wp\/v2\/posts\/899","targetHints":{"allow":["GET"]}}],"collection":[{"href":"https:\/\/meier-gerdingh.de\/wp-spd-ob\/wp-json\/wp\/v2\/posts"}],"about":[{"href":"https:\/\/meier-gerdingh.de\/wp-spd-ob\/wp-json\/wp\/v2\/types\/post"}],"author":[{"embeddable":true,"href":"https:\/\/meier-gerdingh.de\/wp-spd-ob\/wp-json\/wp\/v2\/users\/1"}],"replies":[{"embeddable":true,"href":"https:\/\/meier-gerdingh.de\/wp-spd-ob\/wp-json\/wp\/v2\/comments?post=899"}],"version-history":[{"count":0,"href":"https:\/\/meier-gerdingh.de\/wp-spd-ob\/wp-json\/wp\/v2\/posts\/899\/revisions"}],"wp:attachment":[{"href":"https:\/\/meier-gerdingh.de\/wp-spd-ob\/wp-json\/wp\/v2\/media?parent=899"}],"wp:term":[{"taxonomy":"category","embeddable":true,"href":"https:\/\/meier-gerdingh.de\/wp-spd-ob\/wp-json\/wp\/v2\/categories?post=899"},{"taxonomy":"post_tag","embeddable":true,"href":"https:\/\/meier-gerdingh.de\/wp-spd-ob\/wp-json\/wp\/v2\/tags?post=899"},{"taxonomy":"quellen","embeddable":true,"href":"https:\/\/meier-gerdingh.de\/wp-spd-ob\/wp-json\/wp\/v2\/quellen?post=899"}],"curies":[{"name":"wp","href":"https:\/\/api.w.org\/{rel}","templated":true}]}}