{"id":8995,"date":"2022-06-03T10:03:27","date_gmt":"2022-06-03T08:03:27","guid":{"rendered":"https:\/\/meier-gerdingh.de\/wp-spd-ob\/?p=8995"},"modified":"2022-06-07T10:07:28","modified_gmt":"2022-06-07T08:07:28","slug":"oberhausener-spd-senioren-waehlen-neuen-vorstand","status":"publish","type":"post","link":"https:\/\/meier-gerdingh.de\/wp-spd-ob\/2022\/06\/03\/oberhausener-spd-senioren-waehlen-neuen-vorstand\/","title":{"rendered":"Oberhausener SPD-Senioren w\u00e4hlen neuen Vorstand"},"content":{"rendered":"<div id=\"attachment_8994\" style=\"width: 710px\" class=\"wp-caption aligncenter\"><a href=\"https:\/\/meier-gerdingh.de\/wp-spd-ob\/wp-content\/uploads\/2022\/06\/ag-60-plus-vorstand-2022.jpg\"><img aria-describedby=\"caption-attachment-8994\" decoding=\"async\" class=\"size-full wp-image-8994\" src=\"https:\/\/meier-gerdingh.de\/wp-spd-ob\/wp-content\/uploads\/2022\/06\/ag-60-plus-vorstand-2022.jpg\" alt=\"\" width=\"700\" height=\"429\" srcset=\"https:\/\/meier-gerdingh.de\/wp-spd-ob\/wp-content\/uploads\/2022\/06\/ag-60-plus-vorstand-2022.jpg 700w, https:\/\/meier-gerdingh.de\/wp-spd-ob\/wp-content\/uploads\/2022\/06\/ag-60-plus-vorstand-2022-300x184.jpg 300w\" sizes=\"(max-width: 700px) 100vw, 700px\" \/><\/a><p id=\"caption-attachment-8994\" class=\"wp-caption-text\">Von links: Wolfgang Tzscheppan, Karin Tysiak, Hans-G\u00fcnter Wrobel und Peter Blanke<\/p><\/div>\n<p>Am 31. Mai hat die Arbeitsgemeinschaft der Senioren &#8222;AG 60 plus&#8220; im Unterbezirk Oberhausen ihren neuen Vorstand gew\u00e4hlt. Der bisherige <strong>Vorsitzende<\/strong> Hans-G\u00fcnter Wrobel bleibt f\u00fcr weitere 2 Jahre im Amt. Ihn unterst\u00fctzen die beiden <strong>stellvertretenden Vorsitzenden<\/strong> Karin Tysiak und Wolfgang Tzscheppan. Ebenso wurden gew\u00e4hlt als <strong>Schriftf\u00fchrer<\/strong> Peter Blanke, <strong>stellvertretende Schriftf\u00fchrerin<\/strong> Rita Angenendt und als <strong>Bildungsbeauftragter<\/strong> G\u00fcnter Cla\u00dfen.<!--more--><\/p>\n<p>Als <strong>Beisitzerinnen \/ Beisitzer<\/strong> wurden gew\u00e4hlt:<\/p>\n<ul>\n<li>Wilfried Brennemann<\/li>\n<li>J\u00fcrgen Clemens<\/li>\n<li>Ursula Dorroch<\/li>\n<li>Helmuth Eidam<\/li>\n<li>Dagmar Heitmann<\/li>\n<li>Barbara Horstkamp<\/li>\n<li>Dietmar Look<\/li>\n<li>Norbert Nadolski<\/li>\n<li>Wolfgang Treib<\/li>\n<\/ul>\n<p>Die AG 60 plus vertritt die Interessen der Seniorinnen und Senioren unserer Stadt in den Gremien der SPD in Oberhausen und auf den entsprechenden Regional-, Landes- und Bundeskonferenzen.<\/p>\n<p>Die konstruktive Arbeit zwischen der SPD-Ratsfraktion und der AG 60 plus soll fortgesetzt und die Zusammenarbeit mit der Jugendorganisation der SPD, den Jusos, noch weiter ausgebaut und intensiviert werden.<\/p>\n<p>Die AG 60 plus m\u00f6chte das Vertrauen in unsere Demokratie st\u00e4rken und getreu dem Wort &#8222;Kleine Schritte sind mehr als gro\u00dfe Spr\u00fcche&#8220; ihre Arbeit f\u00fcr die Seniorinnen und Senioren unserer Stadt fortsetzen.<\/p>\n<p>Die Politik vor Ort und f\u00fcr den Ort ist die Grundlage eines demokratischen Gemeinwesens, denn &#8222;Kommunalpolitik ist nicht das Kellergescho\u00df unserer Demokratie, sondern ihr Fundament!&#8220; (Franz M\u00fcntefering).<\/p>\n<p>In diesem Sinne m\u00f6chte die AG 60 plus in den kommenden zwei Jahren weiter arbeiten.<\/p>\n","protected":false},"excerpt":{"rendered":"<p>Am 31. Mai hat die Arbeitsgemeinschaft der Senioren &#8222;AG 60 plus&#8220; im Unterbezirk Oberhausen ihren neuen Vorstand gew\u00e4hlt. Der bisherige Vorsitzende Hans-G\u00fcnter Wrobel bleibt f\u00fcr weitere 2 Jahre im Amt.&hellip; <\/p>\n","protected":false},"author":1,"featured_media":0,"comment_status":"closed","ping_status":"closed","sticky":false,"template":"","format":"standard","meta":{"footnotes":""},"categories":[854],"tags":[71,1384],"quellen":[328],"class_list":["post-8995","post","type-post","status-publish","format-standard","hentry","category-senioren","tag-jahreshauptversammlung","tag-kommunalpolitik","quellen-ag-60-plus-oberhausen"],"_links":{"self":[{"href":"https:\/\/meier-gerdingh.de\/wp-spd-ob\/wp-json\/wp\/v2\/posts\/8995","targetHints":{"allow":["GET"]}}],"collection":[{"href":"https:\/\/meier-gerdingh.de\/wp-spd-ob\/wp-json\/wp\/v2\/posts"}],"about":[{"href":"https:\/\/meier-gerdingh.de\/wp-spd-ob\/wp-json\/wp\/v2\/types\/post"}],"author":[{"embeddable":true,"href":"https:\/\/meier-gerdingh.de\/wp-spd-ob\/wp-json\/wp\/v2\/users\/1"}],"replies":[{"embeddable":true,"href":"https:\/\/meier-gerdingh.de\/wp-spd-ob\/wp-json\/wp\/v2\/comments?post=8995"}],"version-history":[{"count":0,"href":"https:\/\/meier-gerdingh.de\/wp-spd-ob\/wp-json\/wp\/v2\/posts\/8995\/revisions"}],"wp:attachment":[{"href":"https:\/\/meier-gerdingh.de\/wp-spd-ob\/wp-json\/wp\/v2\/media?parent=8995"}],"wp:term":[{"taxonomy":"category","embeddable":true,"href":"https:\/\/meier-gerdingh.de\/wp-spd-ob\/wp-json\/wp\/v2\/categories?post=8995"},{"taxonomy":"post_tag","embeddable":true,"href":"https:\/\/meier-gerdingh.de\/wp-spd-ob\/wp-json\/wp\/v2\/tags?post=8995"},{"taxonomy":"quellen","embeddable":true,"href":"https:\/\/meier-gerdingh.de\/wp-spd-ob\/wp-json\/wp\/v2\/quellen?post=8995"}],"curies":[{"name":"wp","href":"https:\/\/api.w.org\/{rel}","templated":true}]}}