{"id":903,"date":"2011-09-05T16:00:00","date_gmt":"2011-09-05T14:00:00","guid":{"rendered":"http:\/\/www.meier-gerdingh.de\/spd-oberhausen\/wp\/?p=903"},"modified":"2017-05-15T21:16:41","modified_gmt":"2017-05-15T19:16:41","slug":"spd-fraktion-hat-sich-fuer-den-politischen-herbst-viel-vorgenommen","status":"publish","type":"post","link":"https:\/\/meier-gerdingh.de\/wp-spd-ob\/2011\/09\/05\/spd-fraktion-hat-sich-fuer-den-politischen-herbst-viel-vorgenommen\/","title":{"rendered":"SPD-Fraktion hat sich f\u00fcr den politischen Herbst viel vorgenommen"},"content":{"rendered":"<p><a href=\"http:\/\/meier-gerdingh.de\/wp-spd-ob\/wp-content\/uploads\/logo_spd_fraktion.jpg\"><img decoding=\"async\" class=\"size-full alignleft\" src=\"http:\/\/meier-gerdingh.de\/wp-spd-ob\/wp-content\/uploads\/logo_spd_fraktion.jpg\" alt=\"\" width=\"200\" height=\"61\" \/><\/a>Politisch ist der Herbst oft die hei\u00dfeste Jahreszeit. Und auch in Oberhausen stehen uns arbeitsreiche Wochen bevor. Allen voran muss der Rechtsstreit um die Abfallgeb\u00fchren nachhaltig und gerecht gel\u00f6st werden. Das beanstandete Berechnungsverfahren wird derzeit von externen Gutachtern \u00fcberpr\u00fcft. Sobald deren Stellungnahmen vorliegen, muss die Geb\u00fchrenordnung auf eine neue Grundlage gestellt werden, die B\u00fcrgern und Stadt dauerhaft Rechtssicherheit gibt.<!--more--><\/p>\n<p>Zeitnah auf den Weg gebracht werden muss auch der neue Schulentwicklungsplan. Die SPD-Fraktion hat Schulleitungen und Elternpflegschaften von Grund- und Hauptschulen zu Gespr\u00e4chen \u00fcber die Verwaltungsvorschl\u00e4ge eingeladen. Dabei wird es auch um die Folgen des Schulkonsenses auf Landesebene gehen. Unter Dach und Fach kommen muss der Plan rechtzeitig vor der Anmeldephase f\u00fcr das n\u00e4chste Schuljahr.<\/p>\n<p>Vor Herausforderungen stehen wir auch in Sachen Haushaltskonsolidierung. In den n\u00e4chsten Monaten muss das Sparkonzept f\u00fcr 2012 erarbeitet werden. Der geplante &#8222;St\u00e4rkungspakt Stadtfinanzen&#8220; der Landesregierung k\u00f6nnte uns daf\u00fcr v\u00f6llig neue Rahmenbedingungen bescheren. Noch aber ist das Verfahren offen und es gilt daf\u00fcr zu werben, dass der Pakt f\u00fcr Oberhausen eine wirkliche Hilfe wird.<\/p>\n<p>Mehr Mobilit\u00e4t auch f\u00fcr finanziell schw\u00e4chere B\u00fcrger soll das Sozialticket erm\u00f6glichen: Durch die Entscheidung des Innenministeriums k\u00f6nnen ab November auch Kommunen im Nothaushaltsrecht an einem 14-monatigen Testlauf zur Einf\u00fchrung des Sozialtickets teilnehmen. Nach Abschluss der Pilotphase gilt es Erfahrungen und Folgekosten zu \u00fcberpr\u00fcfen.<\/p>\n","protected":false},"excerpt":{"rendered":"<p>Politisch ist der Herbst oft die hei\u00dfeste Jahreszeit. Und auch in Oberhausen stehen uns arbeitsreiche Wochen bevor. Allen voran muss der Rechtsstreit um die Abfallgeb\u00fchren nachhaltig und gerecht gel\u00f6st werden.&hellip; <\/p>\n","protected":false},"author":1,"featured_media":0,"comment_status":"closed","ping_status":"closed","sticky":false,"template":"","format":"standard","meta":{"footnotes":""},"categories":[1],"tags":[],"quellen":[],"class_list":["post-903","post","type-post","status-publish","format-standard","hentry","category-allgemein"],"_links":{"self":[{"href":"https:\/\/meier-gerdingh.de\/wp-spd-ob\/wp-json\/wp\/v2\/posts\/903","targetHints":{"allow":["GET"]}}],"collection":[{"href":"https:\/\/meier-gerdingh.de\/wp-spd-ob\/wp-json\/wp\/v2\/posts"}],"about":[{"href":"https:\/\/meier-gerdingh.de\/wp-spd-ob\/wp-json\/wp\/v2\/types\/post"}],"author":[{"embeddable":true,"href":"https:\/\/meier-gerdingh.de\/wp-spd-ob\/wp-json\/wp\/v2\/users\/1"}],"replies":[{"embeddable":true,"href":"https:\/\/meier-gerdingh.de\/wp-spd-ob\/wp-json\/wp\/v2\/comments?post=903"}],"version-history":[{"count":0,"href":"https:\/\/meier-gerdingh.de\/wp-spd-ob\/wp-json\/wp\/v2\/posts\/903\/revisions"}],"wp:attachment":[{"href":"https:\/\/meier-gerdingh.de\/wp-spd-ob\/wp-json\/wp\/v2\/media?parent=903"}],"wp:term":[{"taxonomy":"category","embeddable":true,"href":"https:\/\/meier-gerdingh.de\/wp-spd-ob\/wp-json\/wp\/v2\/categories?post=903"},{"taxonomy":"post_tag","embeddable":true,"href":"https:\/\/meier-gerdingh.de\/wp-spd-ob\/wp-json\/wp\/v2\/tags?post=903"},{"taxonomy":"quellen","embeddable":true,"href":"https:\/\/meier-gerdingh.de\/wp-spd-ob\/wp-json\/wp\/v2\/quellen?post=903"}],"curies":[{"name":"wp","href":"https:\/\/api.w.org\/{rel}","templated":true}]}}