{"id":906,"date":"2011-09-20T16:00:00","date_gmt":"2011-09-20T14:00:00","guid":{"rendered":"http:\/\/www.meier-gerdingh.de\/spd-oberhausen\/wp\/?p=906"},"modified":"2017-05-17T17:05:53","modified_gmt":"2017-05-17T15:05:53","slug":"180-neue-betreuungsplaetze-fuer-unter-dreijaehrige","status":"publish","type":"post","link":"https:\/\/meier-gerdingh.de\/wp-spd-ob\/2011\/09\/20\/180-neue-betreuungsplaetze-fuer-unter-dreijaehrige\/","title":{"rendered":"180 neue Betreuungspl\u00e4tze f\u00fcr unter Dreij\u00e4hrige"},"content":{"rendered":"<div style=\"width: 150px\" class=\"wp-caption alignleft\"><a href=\"http:\/\/meier-gerdingh.de\/wp-spd-ob\/wp-content\/uploads\/zimkeit_stefan_09.jpg\"><img decoding=\"async\" class=\"size-full\" src=\"http:\/\/meier-gerdingh.de\/wp-spd-ob\/wp-content\/uploads\/zimkeit_stefan_09.jpg\" alt=\"Stefan Zimkeit ist Mitglied des Landtags von Nordrhein-Westfalen und schulpolitischer Sprecher der SPD-Ratsfraktion\" width=\"140\" height=\"169\" \/><\/a><p class=\"wp-caption-text\">Stefan Zimkeit ist Mitglied des Landtags von Nordrhein-Westfalen und schulpolitischer Sprecher der SPD-Ratsfraktion<\/p><\/div>\n<p>Erkennbare politische Priorit\u00e4ten setzt die rot-gr\u00fcne Landesregierung in D\u00fcsseldorf und das unter anderem bei der Unterst\u00fctzung und F\u00f6rderung junger Familien. Im Rahmen eines Sonderprogramms stellt das Land f\u00fcr 2011\/2012 rund 160 Millionen Euro f\u00fcr den weiteren Ausbau der Betreuung von Kindern unter 3 Jahren zur Verf\u00fcgung.<br \/>\n&#8222;Wir haben vor der Wahl versprochen, dass wir in die Zukunft unserer Kinder und Jugendlichen investieren wollen und wir halten Wort!&#8220; freut sich der Oberhausener SPD-Landtagsabgeordnete Stefan Zimkeit.<!--more--><\/p>\n<p>Der Landeshaushalt tr\u00e4gt eine klare Handschrift. Wir investieren in Kinderbetreuung und Bildung, denn Kinder sind unser Kapital von morgen.<\/p>\n<p>Oberhausen profitiert vom Sonderprogramm mit rund 1,6 Millionen Euro. In den Jahren 2011 und 2012 k\u00f6nnen damit 180 zus\u00e4tzliche Betreuungspl\u00e4tze f\u00fcr Kinder im U3-Bereich geschaffen werden.<\/p>\n<p>&#8222;Mit dem zus\u00e4tzlichen Geld des Landes k\u00f6nnen alle vorliegenden U3-Antr\u00e4ge der kirchlichen und freien Tr\u00e4ger sowie der Stadt realisiert werden,&#8220; erl\u00e4utert Ulrich Real, jugendpolitischer Sprecher der SPD-Ratsfraktion. &#8222;Damit kommen wir einem bedarfsgerechten Angebot in Oberhausen ein gutes St\u00fcck n\u00e4her.&#8220;<\/p>\n","protected":false},"excerpt":{"rendered":"<p>Erkennbare politische Priorit\u00e4ten setzt die rot-gr\u00fcne Landesregierung in D\u00fcsseldorf und das unter anderem bei der Unterst\u00fctzung und F\u00f6rderung junger Familien. Im Rahmen eines Sonderprogramms stellt das Land f\u00fcr 2011\/2012 rund&hellip; <\/p>\n","protected":false},"author":1,"featured_media":0,"comment_status":"closed","ping_status":"closed","sticky":false,"template":"","format":"standard","meta":{"footnotes":""},"categories":[1],"tags":[],"quellen":[],"class_list":["post-906","post","type-post","status-publish","format-standard","hentry","category-allgemein"],"_links":{"self":[{"href":"https:\/\/meier-gerdingh.de\/wp-spd-ob\/wp-json\/wp\/v2\/posts\/906","targetHints":{"allow":["GET"]}}],"collection":[{"href":"https:\/\/meier-gerdingh.de\/wp-spd-ob\/wp-json\/wp\/v2\/posts"}],"about":[{"href":"https:\/\/meier-gerdingh.de\/wp-spd-ob\/wp-json\/wp\/v2\/types\/post"}],"author":[{"embeddable":true,"href":"https:\/\/meier-gerdingh.de\/wp-spd-ob\/wp-json\/wp\/v2\/users\/1"}],"replies":[{"embeddable":true,"href":"https:\/\/meier-gerdingh.de\/wp-spd-ob\/wp-json\/wp\/v2\/comments?post=906"}],"version-history":[{"count":0,"href":"https:\/\/meier-gerdingh.de\/wp-spd-ob\/wp-json\/wp\/v2\/posts\/906\/revisions"}],"wp:attachment":[{"href":"https:\/\/meier-gerdingh.de\/wp-spd-ob\/wp-json\/wp\/v2\/media?parent=906"}],"wp:term":[{"taxonomy":"category","embeddable":true,"href":"https:\/\/meier-gerdingh.de\/wp-spd-ob\/wp-json\/wp\/v2\/categories?post=906"},{"taxonomy":"post_tag","embeddable":true,"href":"https:\/\/meier-gerdingh.de\/wp-spd-ob\/wp-json\/wp\/v2\/tags?post=906"},{"taxonomy":"quellen","embeddable":true,"href":"https:\/\/meier-gerdingh.de\/wp-spd-ob\/wp-json\/wp\/v2\/quellen?post=906"}],"curies":[{"name":"wp","href":"https:\/\/api.w.org\/{rel}","templated":true}]}}