{"id":908,"date":"2011-09-13T16:00:00","date_gmt":"2011-09-13T14:00:00","guid":{"rendered":"http:\/\/www.meier-gerdingh.de\/spd-oberhausen\/wp\/?p=908"},"modified":"2017-05-15T21:14:30","modified_gmt":"2017-05-15T19:14:30","slug":"rot-gruen-fuer-einfuehrung-des-sozialtickets-in-oberhausen","status":"publish","type":"post","link":"https:\/\/meier-gerdingh.de\/wp-spd-ob\/2011\/09\/13\/rot-gruen-fuer-einfuehrung-des-sozialtickets-in-oberhausen\/","title":{"rendered":"Rot-Gr\u00fcn f\u00fcr Einf\u00fchrung des Sozialtickets in Oberhausen"},"content":{"rendered":"<p><a href=\"http:\/\/meier-gerdingh.de\/wp-spd-ob\/wp-content\/uploads\/strassenbahn.jpg\"><img decoding=\"async\" class=\"size-full alignleft\" src=\"http:\/\/meier-gerdingh.de\/wp-spd-ob\/wp-content\/uploads\/strassenbahn.jpg\" alt=\"\" width=\"160\" height=\"140\" \/><\/a>Der Einf\u00fchrung eines Sozialtickets in Oberhausen steht nichts mehr im Wege. Voraussetzung daf\u00fcr ist die Ank\u00fcndigung des NRW-Innenministeriums, dass sich Kommunen mit Nothaushalt bis Ende 2012 an einer Pilotphase beteiligen k\u00f6nnen. Die rot-gr\u00fcne Koalition wird damit die Einf\u00fchrung des Sozialtickets im Rat am 26.\u00a0September verabschieden. Das preisg\u00fcnstigere Nahverkehrsticket kann dann ab dem 1.\u00a0November gelten.<!--more--><\/p>\n<p>Von A nach B fahren zu k\u00f6nnen ist eine Voraussetzung f\u00fcr die Teilhabe am gesellschaftlichen Leben, bei der Jobsuche oder f\u00fcr die Weiterbildung, betont die verkehrspolitische Sprecherin der Fraktion Die Gr\u00fcnen, Regina Wittmann. &#8222;Es ist uns wichtig, dass sich auch Menschen mit geringerem Einkommen Tickets f\u00fcr Busse und Bahnen leisten k\u00f6nnen.&#8220;<\/p>\n<p>&#8222;Das ist das ausschlaggebende Argument f\u00fcr die Einf\u00fchrung trotz unserer dramatischen Haushaltslage&#8220;, erkl\u00e4rt Dieter Jan\u00dfen, SPD-Stadtverordneter und Mitglied im Aufsichtsrat der STOAG. &#8222;Die Kommunen k\u00f6nnen das Sozialticket jedoch nicht allein finanzieren.&#8220; Er weist darauf hin, dass &#8222;ein Fortbestand des Tickets nach der Pilotphase nur gesichert ist, wenn sich Land und Bund dauerhaft beteiligen und es zu keinen Mehrbelastungen f\u00fcr die STOAG oder die Stadt kommt.&#8220;<\/p>\n<p>Das VRR-Sozialticket wird in Oberhausen ab November zum Preis von 29,90 \u20ac als personengebundenes Monatsticket der Preisstufe A auf Basis des Tickets 1000 mit G\u00fcltigkeit f\u00fcr den gesamten Tag zu erhalten sein. Das schlie\u00dft Zusatznutzungen wie Personenmitnahme, Zusatztickets gem\u00e4\u00df Regeltarif f\u00fcr den gesamten Tarifbereich etc. ein. Eine kostenfreie Personenmitnahme wird es nach 19.00 Uhr bzw. am Wochenende und an gesetzlichen Feiertagen f\u00fcr bis zu drei Kinder bis zu 14 Jahren geben.<\/p>\n<p>Anspruchsberechtigt sind alle, die Arbeitslosengeld II oder Sozialgeld, Hilfe zum Lebensunterhalt oder Grundsicherung im Alter und bei Erwerbsminderung nach dem Sozialgesetzbuch XII, laufende Leistungen nach dem Bundesversorgungsgesetz, Regelleistungen nach dem Asylbewerberleistungsgesetz, wirtschaftliche Leistungen vom Jugendamt f\u00fcr junge Erwachsene oder Wohngeld beziehen.<\/p>\n<p>Bis zum September 2012 wird die Einf\u00fchrung des Sozialtickets unter Beteiligung eines Wirtschaftspr\u00fcfers evaluiert und dann \u00fcber eine m\u00f6gliche Fortsetzung entschieden.<\/p>\n","protected":false},"excerpt":{"rendered":"<p>Der Einf\u00fchrung eines Sozialtickets in Oberhausen steht nichts mehr im Wege. Voraussetzung daf\u00fcr ist die Ank\u00fcndigung des NRW-Innenministeriums, dass sich Kommunen mit Nothaushalt bis Ende 2012 an einer Pilotphase beteiligen&hellip; <\/p>\n","protected":false},"author":1,"featured_media":0,"comment_status":"closed","ping_status":"closed","sticky":false,"template":"","format":"standard","meta":{"footnotes":""},"categories":[1],"tags":[],"quellen":[],"class_list":["post-908","post","type-post","status-publish","format-standard","hentry","category-allgemein"],"_links":{"self":[{"href":"https:\/\/meier-gerdingh.de\/wp-spd-ob\/wp-json\/wp\/v2\/posts\/908","targetHints":{"allow":["GET"]}}],"collection":[{"href":"https:\/\/meier-gerdingh.de\/wp-spd-ob\/wp-json\/wp\/v2\/posts"}],"about":[{"href":"https:\/\/meier-gerdingh.de\/wp-spd-ob\/wp-json\/wp\/v2\/types\/post"}],"author":[{"embeddable":true,"href":"https:\/\/meier-gerdingh.de\/wp-spd-ob\/wp-json\/wp\/v2\/users\/1"}],"replies":[{"embeddable":true,"href":"https:\/\/meier-gerdingh.de\/wp-spd-ob\/wp-json\/wp\/v2\/comments?post=908"}],"version-history":[{"count":0,"href":"https:\/\/meier-gerdingh.de\/wp-spd-ob\/wp-json\/wp\/v2\/posts\/908\/revisions"}],"wp:attachment":[{"href":"https:\/\/meier-gerdingh.de\/wp-spd-ob\/wp-json\/wp\/v2\/media?parent=908"}],"wp:term":[{"taxonomy":"category","embeddable":true,"href":"https:\/\/meier-gerdingh.de\/wp-spd-ob\/wp-json\/wp\/v2\/categories?post=908"},{"taxonomy":"post_tag","embeddable":true,"href":"https:\/\/meier-gerdingh.de\/wp-spd-ob\/wp-json\/wp\/v2\/tags?post=908"},{"taxonomy":"quellen","embeddable":true,"href":"https:\/\/meier-gerdingh.de\/wp-spd-ob\/wp-json\/wp\/v2\/quellen?post=908"}],"curies":[{"name":"wp","href":"https:\/\/api.w.org\/{rel}","templated":true}]}}