{"id":909,"date":"2011-09-28T16:00:00","date_gmt":"2011-09-28T14:00:00","guid":{"rendered":"http:\/\/www.meier-gerdingh.de\/spd-oberhausen\/wp\/?p=909"},"modified":"2017-05-17T17:06:06","modified_gmt":"2017-05-17T15:06:06","slug":"die-noete-der-menschen-bei-der-tafel-oberhausen-werden-ernst-genommen","status":"publish","type":"post","link":"https:\/\/meier-gerdingh.de\/wp-spd-ob\/2011\/09\/28\/die-noete-der-menschen-bei-der-tafel-oberhausen-werden-ernst-genommen\/","title":{"rendered":"&#8222;Die N\u00f6te der Menschen bei der Tafel-Oberhausen werden ernst genommen!&#8220;"},"content":{"rendered":"<div style=\"width: 150px\" class=\"wp-caption alignleft\"><a href=\"http:\/\/meier-gerdingh.de\/wp-spd-ob\/wp-content\/uploads\/groschek_michael_09.jpg\"><img decoding=\"async\" class=\"size-full\" src=\"http:\/\/meier-gerdingh.de\/wp-spd-ob\/wp-content\/uploads\/groschek_michael_09.jpg\" alt=\"Michael Groschek ist Mitglied des Bundestages f\u00fcr Oberhausen und Dinslaken\" width=\"140\" height=\"186\" \/><\/a><p class=\"wp-caption-text\">Michael Groschek ist Mitglied des Bundestages f\u00fcr Oberhausen und Dinslaken<\/p><\/div>\n<p><i>Zu dem am 27. September 2011 in der WAZ erschienenen Artikel zur Oberhausener Tafel erkl\u00e4rt der Bundestagsabgeordnete Michael Groschek:<\/i><\/p>\n<p>&#8222;Die Oberhausener Tafel leistet einen wichtigen Beitrag f\u00fcr die Schw\u00e4chsten in unsere Gesellschaft. Ihre Arbeit in Oberhausen kann man nicht genug w\u00fcrdigen und daher richte ich meinen ausdr\u00fccklichen Dank an die rund 90 ehrenamtlichen Helfer. Trotz alledem ist sie ein Zeichen der zunehmenden sozialen Kluft in unserer Stadt. Dies ist auch die Folge einer Politik, die soziale Gerechtigkeit in zunehmenden Ma\u00df aus dem Blick verliert. Wir alle m\u00fcssen daher gemeinsam daran arbeiten, dass eine solche Einrichtung in Oberhausen \u00fcberfl\u00fcssig wird.<!--more--><\/p>\n<p>Am Samstag, den 05. November 2011, wird der SPD-Ortsverein Oberhausen Sterkrade-Nord haltbare Lebensmittel sammeln. Unter dem Motto &#8222;Ein Pfund mehr f\u00fcr die Oberhausener Tafel!&#8220;, stehen die Helferinnen und Helfer von 11.00 bis 15.00 Uhr am Eingang vor dem REWE-Markt in der Dudelerstr.\u00a011.<\/p>\n<p>Zudem m\u00f6chte ich mir selbst ein Bild von der Einrichtung machen. Ich werde noch in den n\u00e4chsten Wochen f\u00fcr einen Tag bei der Tafel in Oberhausen mit anpacken, um mit den Hilfebed\u00fcrftigen ins Gespr\u00e4ch kommen. Ich m\u00f6chte wissen, was ben\u00f6tigt wird und konkrete Forderungen nach Berlin mitnehmen. Wichtig ist das Signal, dass die N\u00f6te der Menschen bei der Oberhausener Tafel ernst genommen werden!&#8220;<\/p>\n","protected":false},"excerpt":{"rendered":"<p>Zu dem am 27. September 2011 in der WAZ erschienenen Artikel zur Oberhausener Tafel erkl\u00e4rt der Bundestagsabgeordnete Michael Groschek: &#8222;Die Oberhausener Tafel leistet einen wichtigen Beitrag f\u00fcr die Schw\u00e4chsten in&hellip; <\/p>\n","protected":false},"author":1,"featured_media":0,"comment_status":"closed","ping_status":"closed","sticky":false,"template":"","format":"standard","meta":{"footnotes":""},"categories":[1],"tags":[],"quellen":[],"class_list":["post-909","post","type-post","status-publish","format-standard","hentry","category-allgemein"],"_links":{"self":[{"href":"https:\/\/meier-gerdingh.de\/wp-spd-ob\/wp-json\/wp\/v2\/posts\/909","targetHints":{"allow":["GET"]}}],"collection":[{"href":"https:\/\/meier-gerdingh.de\/wp-spd-ob\/wp-json\/wp\/v2\/posts"}],"about":[{"href":"https:\/\/meier-gerdingh.de\/wp-spd-ob\/wp-json\/wp\/v2\/types\/post"}],"author":[{"embeddable":true,"href":"https:\/\/meier-gerdingh.de\/wp-spd-ob\/wp-json\/wp\/v2\/users\/1"}],"replies":[{"embeddable":true,"href":"https:\/\/meier-gerdingh.de\/wp-spd-ob\/wp-json\/wp\/v2\/comments?post=909"}],"version-history":[{"count":0,"href":"https:\/\/meier-gerdingh.de\/wp-spd-ob\/wp-json\/wp\/v2\/posts\/909\/revisions"}],"wp:attachment":[{"href":"https:\/\/meier-gerdingh.de\/wp-spd-ob\/wp-json\/wp\/v2\/media?parent=909"}],"wp:term":[{"taxonomy":"category","embeddable":true,"href":"https:\/\/meier-gerdingh.de\/wp-spd-ob\/wp-json\/wp\/v2\/categories?post=909"},{"taxonomy":"post_tag","embeddable":true,"href":"https:\/\/meier-gerdingh.de\/wp-spd-ob\/wp-json\/wp\/v2\/tags?post=909"},{"taxonomy":"quellen","embeddable":true,"href":"https:\/\/meier-gerdingh.de\/wp-spd-ob\/wp-json\/wp\/v2\/quellen?post=909"}],"curies":[{"name":"wp","href":"https:\/\/api.w.org\/{rel}","templated":true}]}}