{"id":9103,"date":"2022-06-14T17:52:02","date_gmt":"2022-06-14T15:52:02","guid":{"rendered":"https:\/\/meier-gerdingh.de\/wp-spd-ob\/?p=9103"},"modified":"2022-06-14T17:52:02","modified_gmt":"2022-06-14T15:52:02","slug":"abnehmende-tarifbindung-ist-alarmierend-land-muss-unternehmen-mit-tarifloehnen-foerdern","status":"publish","type":"post","link":"https:\/\/meier-gerdingh.de\/wp-spd-ob\/2022\/06\/14\/abnehmende-tarifbindung-ist-alarmierend-land-muss-unternehmen-mit-tarifloehnen-foerdern\/","title":{"rendered":"Abnehmende Tarifbindung ist alarmierend \u2013 Land muss Unternehmen mit Tarifl\u00f6hnen f\u00f6rdern"},"content":{"rendered":"<div id=\"attachment_7690\" style=\"width: 170px\" class=\"wp-caption alignleft\"><a href=\"https:\/\/meier-gerdingh.de\/wp-spd-ob\/wp-content\/uploads\/2020\/11\/bongers-sonja-2020.jpg\"><img aria-describedby=\"caption-attachment-7690\" decoding=\"async\" class=\"size-full wp-image-7690\" src=\"https:\/\/meier-gerdingh.de\/wp-spd-ob\/wp-content\/uploads\/2020\/11\/bongers-sonja-2020.jpg\" alt=\"\" width=\"160\" height=\"200\" \/><\/a><p id=\"caption-attachment-7690\" class=\"wp-caption-text\">Sonja Bongers ist Vorsitzende der SPD-Ratsfraktion und Mitglied des Landtags von Nordrhein-Westfalen<\/p><\/div>\n<p>&#8222;Immer weniger Arbeitnehmer in NRW werden nach Tarifvertr\u00e4gen bezahlt. Seit Jahren beobachten wir, dass Unternehmen aus den Tarifbindungen aussteigen. Die Folge sind deutlich geringere L\u00f6hne, bei h\u00f6heren Arbeitszeiten. 1996 lag die Quote von Unternehmen, die Tarifl\u00f6hne zahlten, bei 82 Prozent, heute nur noch bei 57 Prozent&#8220;, sagte die SPD-Landtagsabgeordnete Sonja Bongers nach Vorstellung der Studie &#8222;Tarifvertr\u00e4ge und Tarifflucht in Nordrhein-Westfalen&#8220;, die der der DGB gemeinsam mit dem Wirtschafts- und Sozialwissenschaftlichen Institut (WSI) der Hans-B\u00f6ckler-Stiftung vorgestellt hat.<!--more--><\/p>\n<h3 class=\"spd-ob-crossheading\">Mehr Arbeit, weniger Geld<\/h3>\n<p>So betrage der unbereinigte R\u00fcckstand beim Entgelt in NRW knapp 18 Prozent. Und selbst, wenn Unterschiede zwischen den Betrieben (z.B. die Branchenzugeh\u00f6rigkeit, die Betriebsgr\u00f6\u00dfe und die Qualifikationsstruktur der Besch\u00e4ftigten) herausgerechnet werden, bek\u00e4men Besch\u00e4ftigte in tariflosen Unternehmen im Schnitt knapp acht Prozent weniger Gehalt, schreiben die Autoren der Studie.<\/p>\n<p>Aber nicht nur bei der Bezahlung hinken tariflose Besch\u00e4ftigte hinterher. Auch bei der Arbeitszeit stehen sie schlechter dar. Im Schnitt arbeiten M\u00e4nner und Frauen ohne Tarifvertrag rund eine Stunde pro Woche mehr.<\/p>\n<h3 class=\"spd-ob-crossheading\">Tariftreuegesetz<\/h3>\n<p>Bongers sieht nun die neue Landesregierung gefordert und stellt sich an die Seite der Gewerkschaften. &#8222;Es muss jetzt ein Tariftreuegesetz umgesetzt werden, das wirklich die Belange der Arbeitnehmerinnen und Arbeitnehmer ber\u00fccksichtigt. \u00d6ffentliche Auftr\u00e4ge sollten nur noch an Unternehmen vergeben werden, die auch Tarifl\u00f6hne zahlen. Und auch bei der Vergabe von F\u00f6rdergeldern m\u00fcssen wir auf die Tarifbindung setzen. Damit schaffen wir es, Dumpingl\u00f6hne zu verhindern und tarifgebundene Unternehmen zu st\u00e4rken&#8220;, unterst\u00fctzt Bongers die Forderungen der Gewerkschaft.<\/p>\n","protected":false},"excerpt":{"rendered":"<p>&#8222;Immer weniger Arbeitnehmer in NRW werden nach Tarifvertr\u00e4gen bezahlt. Seit Jahren beobachten wir, dass Unternehmen aus den Tarifbindungen aussteigen. Die Folge sind deutlich geringere L\u00f6hne, bei h\u00f6heren Arbeitszeiten. 1996 lag&hellip; <\/p>\n","protected":false},"author":1,"featured_media":0,"comment_status":"closed","ping_status":"closed","sticky":false,"template":"","format":"standard","meta":{"footnotes":""},"categories":[174],"tags":[687,1650,1250,3212,550,3210,914,1596,3211,1538],"quellen":[1317],"class_list":["post-9103","post","type-post","status-publish","format-standard","hentry","category-arbeit-und-soziales","tag-arbeitnehmer","tag-arbeitszeit","tag-dgb","tag-dumpingloehne","tag-gewerkschaften","tag-hans-boeckler-stiftung","tag-tarifbindung","tag-tarifflucht","tag-tariftreuegesetz","tag-tarifvertraege","quellen-mdl-sonja-bongers"],"_links":{"self":[{"href":"https:\/\/meier-gerdingh.de\/wp-spd-ob\/wp-json\/wp\/v2\/posts\/9103","targetHints":{"allow":["GET"]}}],"collection":[{"href":"https:\/\/meier-gerdingh.de\/wp-spd-ob\/wp-json\/wp\/v2\/posts"}],"about":[{"href":"https:\/\/meier-gerdingh.de\/wp-spd-ob\/wp-json\/wp\/v2\/types\/post"}],"author":[{"embeddable":true,"href":"https:\/\/meier-gerdingh.de\/wp-spd-ob\/wp-json\/wp\/v2\/users\/1"}],"replies":[{"embeddable":true,"href":"https:\/\/meier-gerdingh.de\/wp-spd-ob\/wp-json\/wp\/v2\/comments?post=9103"}],"version-history":[{"count":0,"href":"https:\/\/meier-gerdingh.de\/wp-spd-ob\/wp-json\/wp\/v2\/posts\/9103\/revisions"}],"wp:attachment":[{"href":"https:\/\/meier-gerdingh.de\/wp-spd-ob\/wp-json\/wp\/v2\/media?parent=9103"}],"wp:term":[{"taxonomy":"category","embeddable":true,"href":"https:\/\/meier-gerdingh.de\/wp-spd-ob\/wp-json\/wp\/v2\/categories?post=9103"},{"taxonomy":"post_tag","embeddable":true,"href":"https:\/\/meier-gerdingh.de\/wp-spd-ob\/wp-json\/wp\/v2\/tags?post=9103"},{"taxonomy":"quellen","embeddable":true,"href":"https:\/\/meier-gerdingh.de\/wp-spd-ob\/wp-json\/wp\/v2\/quellen?post=9103"}],"curies":[{"name":"wp","href":"https:\/\/api.w.org\/{rel}","templated":true}]}}