{"id":911,"date":"2011-10-07T16:00:00","date_gmt":"2011-10-07T14:00:00","guid":{"rendered":"http:\/\/www.meier-gerdingh.de\/spd-oberhausen\/wp\/?p=911"},"modified":"2017-05-17T17:06:16","modified_gmt":"2017-05-17T15:06:16","slug":"afghanistan-und-libyen-sind-zentrale-themen","status":"publish","type":"post","link":"https:\/\/meier-gerdingh.de\/wp-spd-ob\/2011\/10\/07\/afghanistan-und-libyen-sind-zentrale-themen\/","title":{"rendered":"Afghanistan und Libyen sind zentrale Themen"},"content":{"rendered":"<div style=\"width: 150px\" class=\"wp-caption alignleft\"><a href=\"http:\/\/meier-gerdingh.de\/wp-spd-ob\/wp-content\/uploads\/groschek_michael_09.jpg\"><img decoding=\"async\" class=\"size-full\" src=\"http:\/\/meier-gerdingh.de\/wp-spd-ob\/wp-content\/uploads\/groschek_michael_09.jpg\" alt=\"Michael Groschek ist Mitglied des Bundestages f\u00fcr Oberhausen und Dinslaken\" width=\"140\" height=\"186\" \/><\/a><p class=\"wp-caption-text\">Michael Groschek ist Mitglied des Bundestages f\u00fcr Oberhausen und Dinslaken<\/p><\/div>\n<p>Am kommenden Wochenende tritt die Parlamentarische Versammlung der NATO (NATO-PV) in Bukarest zusammen. Der Bundestagsabgeordnete aus Oberhausen und Dinslaken Michael Groschek wird als ordentliches Mitglied der NATO-PV ebenfalls in der Zeit vom 07. bis zum 10.\u00a0Oktober an der Parlamentarier-Versammlung in Rum\u00e4nien teilnehmen. Als Mitglied des Verteidigungsausschusses stehen f\u00fcr Groschek insbesondere zwei Themengebiete der Tagung im Vordergrund: Zum einen muss die Frage beantwortet werden, wie der internationale Einsatz in Afghanistan weitergehen soll. Zum anderen gilt es, das Vorgehen in Libyen und die richtigen Lehren aus dem Einsatz zu diskutieren.<!--more--><\/p>\n<p>Im Zusammenhang mit dem Einsatz in Afghanistan m\u00fcssen zuk\u00fcnftig weitere Anstrengungen unternommen werden, um auch nach dem Abzug der internationalen Truppen bis 2014 den zivilen Aufbau im Land zu st\u00e4rken und den Schutz der zivilen Aufbauhelfer zu gew\u00e4hrleisten. Im Besonderen denkt Groschek an solche Hilfsorganisationen wie das Friedensdorf in Oberhausen, die in Afghanistan Opferhilfe leisten.<\/p>\n<p>Im Bezug auf Libyen ist es f\u00fcr Groschek ein pers\u00f6nliches Anliegen, in Bukarest eine umfassende Bilanz aus dem Milit\u00e4reinsatz zu ziehen. Dabei m\u00fcssen sowohl die Rolle der deutschen Bundesregierung als auch das Bem\u00fchen f\u00fcr eine zivile Aufbauhilfe thematisiert werden.<\/p>\n<p>F\u00fcr Groschek sollen zu den Ergebnissen der NATO-PV-Tagung z\u00e4hlen, dass milit\u00e4rische Eins\u00e4tze allein keine Krisen auf der Welt l\u00f6sen k\u00f6nnen. Stattdessen m\u00fcssen internationale Eins\u00e4tze stets unter dem Schirm der vernetzten Sicherheit stehen.<\/p>\n","protected":false},"excerpt":{"rendered":"<p>Am kommenden Wochenende tritt die Parlamentarische Versammlung der NATO (NATO-PV) in Bukarest zusammen. Der Bundestagsabgeordnete aus Oberhausen und Dinslaken Michael Groschek wird als ordentliches Mitglied der NATO-PV ebenfalls in der&hellip; <\/p>\n","protected":false},"author":1,"featured_media":0,"comment_status":"closed","ping_status":"closed","sticky":false,"template":"","format":"standard","meta":{"footnotes":""},"categories":[1],"tags":[],"quellen":[],"class_list":["post-911","post","type-post","status-publish","format-standard","hentry","category-allgemein"],"_links":{"self":[{"href":"https:\/\/meier-gerdingh.de\/wp-spd-ob\/wp-json\/wp\/v2\/posts\/911","targetHints":{"allow":["GET"]}}],"collection":[{"href":"https:\/\/meier-gerdingh.de\/wp-spd-ob\/wp-json\/wp\/v2\/posts"}],"about":[{"href":"https:\/\/meier-gerdingh.de\/wp-spd-ob\/wp-json\/wp\/v2\/types\/post"}],"author":[{"embeddable":true,"href":"https:\/\/meier-gerdingh.de\/wp-spd-ob\/wp-json\/wp\/v2\/users\/1"}],"replies":[{"embeddable":true,"href":"https:\/\/meier-gerdingh.de\/wp-spd-ob\/wp-json\/wp\/v2\/comments?post=911"}],"version-history":[{"count":0,"href":"https:\/\/meier-gerdingh.de\/wp-spd-ob\/wp-json\/wp\/v2\/posts\/911\/revisions"}],"wp:attachment":[{"href":"https:\/\/meier-gerdingh.de\/wp-spd-ob\/wp-json\/wp\/v2\/media?parent=911"}],"wp:term":[{"taxonomy":"category","embeddable":true,"href":"https:\/\/meier-gerdingh.de\/wp-spd-ob\/wp-json\/wp\/v2\/categories?post=911"},{"taxonomy":"post_tag","embeddable":true,"href":"https:\/\/meier-gerdingh.de\/wp-spd-ob\/wp-json\/wp\/v2\/tags?post=911"},{"taxonomy":"quellen","embeddable":true,"href":"https:\/\/meier-gerdingh.de\/wp-spd-ob\/wp-json\/wp\/v2\/quellen?post=911"}],"curies":[{"name":"wp","href":"https:\/\/api.w.org\/{rel}","templated":true}]}}