{"id":912,"date":"2011-10-21T16:00:00","date_gmt":"2011-10-21T14:00:00","guid":{"rendered":"http:\/\/www.meier-gerdingh.de\/spd-oberhausen\/wp\/?p=912"},"modified":"2017-05-17T17:06:56","modified_gmt":"2017-05-17T15:06:56","slug":"unsere-kommunen-muessen-mehr-handlungsfaehigkeit-fuer-die-herausforderungen-des-demografischen-wandels-erhalten","status":"publish","type":"post","link":"https:\/\/meier-gerdingh.de\/wp-spd-ob\/2011\/10\/21\/unsere-kommunen-muessen-mehr-handlungsfaehigkeit-fuer-die-herausforderungen-des-demografischen-wandels-erhalten\/","title":{"rendered":"Unsere Kommunen m\u00fcssen mehr Handlungsf\u00e4higkeit f\u00fcr die Herausforderungen des demografischen Wandels erhalten"},"content":{"rendered":"<div style=\"width: 150px\" class=\"wp-caption alignleft\"><a href=\"http:\/\/meier-gerdingh.de\/wp-spd-ob\/wp-content\/uploads\/groschek_michael_09.jpg\"><img decoding=\"async\" class=\"size-full\" src=\"http:\/\/meier-gerdingh.de\/wp-spd-ob\/wp-content\/uploads\/groschek_michael_09.jpg\" alt=\"Michael Groschek ist Mitglied des Bundestages f\u00fcr Oberhausen und Dinslaken\" width=\"140\" height=\"186\" \/><\/a><p class=\"wp-caption-text\">Michael Groschek ist Mitglied des Bundestages f\u00fcr Oberhausen und Dinslaken<\/p><\/div>\n<p><i>Anl\u00e4sslich der Debatte im Deutschen Bundestag am Freitag den 21. Oktober zu der Gro\u00dfen Anfrage der SPD-Bundestagsfraktion und zu dem geplanten Besuch von Franz M\u00fcntefering, dem Sprecher f\u00fcr die Arbeitsgruppe &#8222;Demografischer Wandel&#8220;, erkl\u00e4rt der Bundestagsabgeordnete f\u00fcr Oberhausen und Dinslaken Michael Groschek:<\/i><\/p>\n<p>Die Auswirkungen des demografischen Wandels in Oberhausen und Dinslaken m\u00fcssen weiter in den Vordergrund ger\u00fcckt werden. In Oberhausen wird die Bev\u00f6lkerung voraussichtlich in den n\u00e4chsten zehn Jahren um rund 9,5 Prozent abnehmen, w\u00e4hrend gleichzeitig die Anzahl der \u00fcber 80-J\u00e4hrigen \u00fcberproportional steigt. In Dinslaken wird die Bev\u00f6lkerung bis 2020 voraussichtlich um 3 Prozent zur\u00fcckgehen und der Anteil der \u00fcber 60-J\u00e4hrigen auf ein Drittel anwachsen.<!--more--><\/p>\n<p>Das Verh\u00e4ltnis von Erwerbst\u00e4tigen zu Rentnern nimmt damit stetig ab und damit wichtige Einnahmen, um die kommunale Daseinsvorsorge zu gew\u00e4hrleisten. St\u00e4dte wie Oberhausen und Dinslaken stehen in diesem Zusammenhang vor gro\u00dfen Herausforderungen.<\/p>\n<p>Um Antworten auf diese Gesamtproblematik vor Ort zu diskutieren, habe ich f\u00fcr den 19. Dezember 2011 Franz M\u00fcntefering nach Oberhausen und Dinslaken eingeladen. Bei einer Abendveranstaltung in Oberhausen sollen die Auswirkungen und die Chancen des demografischen Wandels diskutiert werden. Dazu sind die B\u00fcrgerinnen und B\u00fcrger und betroffene Mitarbeiter aus Wohlfahrtsverb\u00e4nden und anderen Organisationen eingeladen.<\/p>\n<p>Obwohl die demografische Entwicklung nicht neu ist, mangelt es bisher an einer nachhaltigen Antwort. Die schwarz-gelbe Bundesregierung hat dazu keine Kraft. Mit unserer Gro\u00dfen Anfrage &#8222;Der demografische Wandel in Deutschland &#8211; Handlungskonzepte f\u00fcr Sicherheit und Fortschritt im Wandel&#8220; mahnen und dr\u00e4ngen wir die Bundesregierung zum Handeln.<\/p>\n<p>Schwarz-Gelb z\u00f6gert die notwendigen Antworten heraus. Es fehlen Handlungskonzepte f\u00fcr unsere Kommunen und St\u00e4dte. Denn die Herausforderungen werden zuallererst vor Ort konkret. Oberhausen und Dinslaken m\u00fcssen finanziell handlungsf\u00e4hig bleiben.<\/p>\n","protected":false},"excerpt":{"rendered":"<p>Anl\u00e4sslich der Debatte im Deutschen Bundestag am Freitag den 21. Oktober zu der Gro\u00dfen Anfrage der SPD-Bundestagsfraktion und zu dem geplanten Besuch von Franz M\u00fcntefering, dem Sprecher f\u00fcr die Arbeitsgruppe&hellip; <\/p>\n","protected":false},"author":1,"featured_media":0,"comment_status":"closed","ping_status":"closed","sticky":false,"template":"","format":"standard","meta":{"footnotes":""},"categories":[1],"tags":[],"quellen":[],"class_list":["post-912","post","type-post","status-publish","format-standard","hentry","category-allgemein"],"_links":{"self":[{"href":"https:\/\/meier-gerdingh.de\/wp-spd-ob\/wp-json\/wp\/v2\/posts\/912","targetHints":{"allow":["GET"]}}],"collection":[{"href":"https:\/\/meier-gerdingh.de\/wp-spd-ob\/wp-json\/wp\/v2\/posts"}],"about":[{"href":"https:\/\/meier-gerdingh.de\/wp-spd-ob\/wp-json\/wp\/v2\/types\/post"}],"author":[{"embeddable":true,"href":"https:\/\/meier-gerdingh.de\/wp-spd-ob\/wp-json\/wp\/v2\/users\/1"}],"replies":[{"embeddable":true,"href":"https:\/\/meier-gerdingh.de\/wp-spd-ob\/wp-json\/wp\/v2\/comments?post=912"}],"version-history":[{"count":0,"href":"https:\/\/meier-gerdingh.de\/wp-spd-ob\/wp-json\/wp\/v2\/posts\/912\/revisions"}],"wp:attachment":[{"href":"https:\/\/meier-gerdingh.de\/wp-spd-ob\/wp-json\/wp\/v2\/media?parent=912"}],"wp:term":[{"taxonomy":"category","embeddable":true,"href":"https:\/\/meier-gerdingh.de\/wp-spd-ob\/wp-json\/wp\/v2\/categories?post=912"},{"taxonomy":"post_tag","embeddable":true,"href":"https:\/\/meier-gerdingh.de\/wp-spd-ob\/wp-json\/wp\/v2\/tags?post=912"},{"taxonomy":"quellen","embeddable":true,"href":"https:\/\/meier-gerdingh.de\/wp-spd-ob\/wp-json\/wp\/v2\/quellen?post=912"}],"curies":[{"name":"wp","href":"https:\/\/api.w.org\/{rel}","templated":true}]}}