{"id":913,"date":"2011-10-28T16:00:00","date_gmt":"2011-10-28T14:00:00","guid":{"rendered":"http:\/\/www.meier-gerdingh.de\/spd-oberhausen\/wp\/?p=913"},"modified":"2017-05-17T17:07:35","modified_gmt":"2017-05-17T15:07:35","slug":"kommunales-sparen-braucht-bundeshilfe","status":"publish","type":"post","link":"https:\/\/meier-gerdingh.de\/wp-spd-ob\/2011\/10\/28\/kommunales-sparen-braucht-bundeshilfe\/","title":{"rendered":"Kommunales Sparen braucht Bundeshilfe"},"content":{"rendered":"<div style=\"width: 210px\" class=\"wp-caption alignleft\"><a href=\"http:\/\/meier-gerdingh.de\/wp-spd-ob\/wp-content\/uploads\/bundestag.jpg\"><img decoding=\"async\" class=\"size-full\" src=\"http:\/\/meier-gerdingh.de\/wp-spd-ob\/wp-content\/uploads\/bundestag.jpg\" alt=\"Der Deutsche Bundestag\" width=\"200\" height=\"158\" \/><\/a><p class=\"wp-caption-text\">Der Deutsche Bundestag<\/p><\/div>\n<p>Mit einem Entschlie\u00dfungsantrag hat die SPD-Bundestagsfraktion die Bundesregierung gewarnt, ihr kommunales Versprechen nicht zu brechen. Obwohl Schwarz-Gelb sich verpflichtet hat, die St\u00e4dte bis 2014 komplett von der Grundsicherung im Alter zu entlasten, hat sie im Deutschen Bundestag nur eine Regelung f\u00fcr 2012 eingebracht. Wir wollen Verbindlichkeit und Nachhaltigkeit bei der Entlastung der Kommunen.<!--more--><\/p>\n<p>Mit unserem Entschlie\u00dfungsantrag ist eine umfassende Regulierung bis 2014 vorgelegt. Die Gemeinden und St\u00e4dte sind beunruhigt, weil sie bef\u00fcrchten Opfer eines gebrochenen Versprechens zu werden. Kommunale Entlastung muss garantiert werden.<\/p>\n<p>Nur wenn Stadt, Land und Bund verl\u00e4sslich zusammenarbeiten, kann die Finanzkrise der St\u00e4dte bew\u00e4ltigt werden. Die Bundesregierung muss ihre Finanzhilfe in Deutschland f\u00fcr die armen St\u00e4dte genauso engagiert vorantreiben, wie sie dies f\u00fcr die armen Staaten in Europa getan hat. Unsere St\u00e4dte d\u00fcrfen nicht unter Wert behandelt werden.<\/p>\n","protected":false},"excerpt":{"rendered":"<p>Mit einem Entschlie\u00dfungsantrag hat die SPD-Bundestagsfraktion die Bundesregierung gewarnt, ihr kommunales Versprechen nicht zu brechen. Obwohl Schwarz-Gelb sich verpflichtet hat, die St\u00e4dte bis 2014 komplett von der Grundsicherung im Alter&hellip; <\/p>\n","protected":false},"author":1,"featured_media":0,"comment_status":"closed","ping_status":"closed","sticky":false,"template":"","format":"standard","meta":{"footnotes":""},"categories":[1],"tags":[],"quellen":[],"class_list":["post-913","post","type-post","status-publish","format-standard","hentry","category-allgemein"],"_links":{"self":[{"href":"https:\/\/meier-gerdingh.de\/wp-spd-ob\/wp-json\/wp\/v2\/posts\/913","targetHints":{"allow":["GET"]}}],"collection":[{"href":"https:\/\/meier-gerdingh.de\/wp-spd-ob\/wp-json\/wp\/v2\/posts"}],"about":[{"href":"https:\/\/meier-gerdingh.de\/wp-spd-ob\/wp-json\/wp\/v2\/types\/post"}],"author":[{"embeddable":true,"href":"https:\/\/meier-gerdingh.de\/wp-spd-ob\/wp-json\/wp\/v2\/users\/1"}],"replies":[{"embeddable":true,"href":"https:\/\/meier-gerdingh.de\/wp-spd-ob\/wp-json\/wp\/v2\/comments?post=913"}],"version-history":[{"count":0,"href":"https:\/\/meier-gerdingh.de\/wp-spd-ob\/wp-json\/wp\/v2\/posts\/913\/revisions"}],"wp:attachment":[{"href":"https:\/\/meier-gerdingh.de\/wp-spd-ob\/wp-json\/wp\/v2\/media?parent=913"}],"wp:term":[{"taxonomy":"category","embeddable":true,"href":"https:\/\/meier-gerdingh.de\/wp-spd-ob\/wp-json\/wp\/v2\/categories?post=913"},{"taxonomy":"post_tag","embeddable":true,"href":"https:\/\/meier-gerdingh.de\/wp-spd-ob\/wp-json\/wp\/v2\/tags?post=913"},{"taxonomy":"quellen","embeddable":true,"href":"https:\/\/meier-gerdingh.de\/wp-spd-ob\/wp-json\/wp\/v2\/quellen?post=913"}],"curies":[{"name":"wp","href":"https:\/\/api.w.org\/{rel}","templated":true}]}}