{"id":9136,"date":"2022-06-25T20:41:22","date_gmt":"2022-06-25T18:41:22","guid":{"rendered":"https:\/\/meier-gerdingh.de\/wp-spd-ob\/?p=9136"},"modified":"2022-06-25T21:12:46","modified_gmt":"2022-06-25T19:12:46","slug":"termine-der-spd-sommerschule-2022","status":"publish","type":"post","link":"https:\/\/meier-gerdingh.de\/wp-spd-ob\/2022\/06\/25\/termine-der-spd-sommerschule-2022\/","title":{"rendered":"Termine der SPD-Sommerschule 2022"},"content":{"rendered":"<p><a href=\"https:\/\/meier-gerdingh.de\/wp-spd-ob\/wp-content\/uploads\/2022\/06\/banner-2-spd-sommerschule-22.jpg\"><img decoding=\"async\" class=\"aligncenter size-full wp-image-9129\" src=\"https:\/\/meier-gerdingh.de\/wp-spd-ob\/wp-content\/uploads\/2022\/06\/banner-2-spd-sommerschule-22.jpg\" alt=\"\" width=\"700\" height=\"247\" srcset=\"https:\/\/meier-gerdingh.de\/wp-spd-ob\/wp-content\/uploads\/2022\/06\/banner-2-spd-sommerschule-22.jpg 700w, https:\/\/meier-gerdingh.de\/wp-spd-ob\/wp-content\/uploads\/2022\/06\/banner-2-spd-sommerschule-22-300x106.jpg 300w\" sizes=\"(max-width: 700px) 100vw, 700px\" \/><\/a>Die eigene Stadt ein bisschen besser kennenlernen, hinter die Kulissen blicken und zum Abschluss ein kleines Grillfest: Die Sommerschule der SPD-Ratsfraktion steht wieder in den Startl\u00f6chern: An f\u00fcnf Terminen laden wir B\u00fcrgerinnen und B\u00fcrger ein, gemeinsam mit Mitgliedern der SPD-Ratsfraktion exklusive Einblicke zu gewinnen. Teilnehmen kann jede und jeder, das Angebot richtet sich nicht nur an Parteimitglieder. Grunds\u00e4tzlich ist die Teilnahme kostenfrei, bei einigen Angeboten ist eine Anmeldung n\u00f6tig.<!--more--><\/p>\n<div class=\"spd-ob-sommerschule-date\"><em>1. Termin: <\/em>MI\u00a0|\u00a029. JUNI 2022\u00a0|\u00a016.00 Uhr<\/div>\n<h3 class=\"spd-ob-sommerschule-title\">Neuigkeiten aus dem Tiergehege<\/h3>\n<div class=\"spd-ob-sommerschule-location\"><em>Treffpunkt: <\/em>16.00 Uhr\u00a0| Vor dem Gehege-Eingang, bei den Rothirschen<\/div>\n<p>Das Tiergehege im Kaisergarten geh\u00f6rt \u2013 gerade f\u00fcr Familien \u2013 zu den beliebtesten Ausflugszielen unserer Stadt. Das hat sich auch durch die Pandemie nicht ge\u00e4ndert. Wie ist es den gefiederten und behaarten Bewohnern in dieser Zeit ergangen? Was tut sich Neues, was ist geplant? Fragen, die am besten die Gehege-Leiterin Dr. Anette Perrey beantworten kann. Sie bittet die Teilnehmerinnen und Teilnehmer am 29. Juni um 16 Uhr zu einem etwa einst\u00fcndigen Rundgang durchs Tiergehege.<br \/>\n<div class='ajde_evcal_calendar eventon_single_event eventon_event evo_sin_box sev cev color esty_2' ><div class='evo-data'   data-ux_val='1' data-exturl='' data-mapscroll='true' data-mapformat='roadmap' data-mapzoom='16' ><\/div><div class='evo_cal_data' data-sc='{\"excerpt\":\"no\",\"expanded\":\"no\",\"ux_val\":1,\"exturl\":\"\",\"mapscroll\":\"true\",\"mapformat\":\"roadmap\",\"mapzoom\":\"16\",\"maps_load\":\"yes\"}'><\/div><div id='evcal_list' class='eventon_events_list '>Missing Event Data<\/div><\/div><\/p>\n<hr class=\"spd-ob-sommerschule-divider\" \/>\n<div class=\"spd-ob-sommerschule-date\"><em>2. Termin: <\/em>MI\u00a0|\u00a006. JULI 2022\u00a0|\u00a015.00 Uhr<\/div>\n<h3 class=\"spd-ob-sommerschule-title\">Jahrhundertprojekt Emscherumbau: Das Pumpwerk im Biefang<\/h3>\n<div class=\"spd-ob-sommerschule-location\"><em>Treffpunkt: <\/em>15.00 Uhr\u00a0| Kurf\u00fcrstenstr. | 46147 Oberhausen<\/div>\n<p>Vor knapp einem Jahr ist das Pumpwerk Oberhausen der Emschergenossenschaft in Betrieb gegangen, es gilt als eines der zentralen Bauwerke des Generationenprojekts Emscher-Umbau. Wie sieht der Betrieb dort aus? Und was genau macht das Pumpwerk an der so eminent wichtig f\u00fcr die gesamte Emscher-Renaturierung? Das erfahren die Teilnehmerinnen und Teilnehmer bei einer F\u00fchrung vor Ort.<\/p>\n<p>Da wir hier die Teilnehmerzahl auf 15 Personen begrenzen m\u00fcssen, bitten wir bis zum Dienstag, 5. Juli um eine Anmeldung, am besten per E-Mail: <a href=\"mailto:buero@spd-fraktion-oberhausen.de\">buero@spd-fraktion-oberhausen.de<\/a>, oder telefonisch unter <strong>(0208) 825 3460<\/strong>.<br \/>\n<div class='ajde_evcal_calendar eventon_single_event eventon_event evo_sin_box sev cev color esty_2' ><div class='evo-data'   data-ux_val='1' data-exturl='' data-mapscroll='true' data-mapformat='roadmap' data-mapzoom='16' ><\/div><div class='evo_cal_data' data-sc='{\"excerpt\":\"no\",\"expanded\":\"no\",\"ux_val\":1,\"exturl\":\"\",\"mapscroll\":\"true\",\"mapformat\":\"roadmap\",\"mapzoom\":\"16\",\"maps_load\":\"yes\"}'><\/div><div id='evcal_list' class='eventon_events_list '>Missing Event Data<\/div><\/div><\/p>\n<hr class=\"spd-ob-sommerschule-divider\" \/>\n<div class=\"spd-ob-sommerschule-date\"><em>3. Termin: <\/em>MI\u00a0|\u00a013. JULI 2022\u00a0|\u00a016.00 Uhr<\/div>\n<h3 class=\"spd-ob-sommerschule-title\">Pro Wohnen International<\/h3>\n<div class=\"spd-ob-sommerschule-location\"><em>Treffpunkt: <\/em>16.00 Uhr\u00a0| Wasgenwaldstr. 49 | 46119 Oberhausen<\/div>\n<p>Der Verein &#8222;pro wohnen international&#8220; sorgt bereits seit mehr als zehn Jahren f\u00fcr eine mehrsprachige Beratung f\u00fcr Seniorinnen und Senioren sowie deren Angeh\u00f6rige in Fragen der Altenhilfe, bei Themen wie Gesundheit und Altern und vielem mehr. Eine Aufgabe, die in einer zunehmend alternden und auch vielf\u00e4ltiger werdenden Gesellschaft von enormer Wichtigkeit ist. Das Team von Pro Wohnen, das \u00fcbrigens auch eines der sechs Quartiersb\u00fcros stellt, spricht \u00fcber seine Aufgaben und Herausforderungen.<br \/>\n<div class='ajde_evcal_calendar eventon_single_event eventon_event evo_sin_box sev cev color esty_2' ><div class='evo-data'   data-ux_val='1' data-exturl='' data-mapscroll='true' data-mapformat='roadmap' data-mapzoom='16' ><\/div><div class='evo_cal_data' data-sc='{\"excerpt\":\"no\",\"expanded\":\"no\",\"ux_val\":1,\"exturl\":\"\",\"mapscroll\":\"true\",\"mapformat\":\"roadmap\",\"mapzoom\":\"16\",\"maps_load\":\"yes\"}'><\/div><div id='evcal_list' class='eventon_events_list '>Missing Event Data<\/div><\/div><\/p>\n<hr class=\"spd-ob-sommerschule-divider\" \/>\n<div class=\"spd-ob-sommerschule-date\"><em>4. Termin: <\/em>MI\u00a0|\u00a027. JULI 2022\u00a0|\u00a017.00 Uhr<\/div>\n<h3 class=\"spd-ob-sommerschule-title\">Oberhausens Theater hinter den Kulissen<\/h3>\n<div class=\"spd-ob-sommerschule-location\"><em>Treffpunkt: <\/em>17.00 Uhr\u00a0| Will-Quadlieg-Platz 1 | 46045 Oberhausen | Vor dem Theatereingang<\/div>\n<p>Mit Beginn der Spielzeit 2022\/23 \u00fcbernimmt mit Dr. Kathrin M\u00e4dler eine neue Intendantin das Ruder im Haus am Will-Quadflieg-Platz. Da ist Spannung garantiert: Was erwartet die Besucherinnen und Besucher des Theaters? Das l\u00e4sst sich in der Sommerpause nat\u00fcrlich schwer prognostizierten, aber welche Verh\u00e4ltnisse Dr. M\u00e4dler vorfindet, kann man nicht nur erkl\u00e4ren, sondern auch zeigen. Kulturdezernent Apostolos Tsalastras und die Verwaltungsdirektorin Doris Beckmann f\u00fchren an diesem Abend durch das Theater, blicken zur\u00fcck, hinter die Kulissen und nach vorne. Interessierte finden sich am 27. Juli um 17 Uhr vor dem Theatereingang ein.<br \/>\n<div class='ajde_evcal_calendar eventon_single_event eventon_event evo_sin_box sev cev color esty_2' ><div class='evo-data'   data-ux_val='1' data-exturl='' data-mapscroll='true' data-mapformat='roadmap' data-mapzoom='16' ><\/div><div class='evo_cal_data' data-sc='{\"excerpt\":\"no\",\"expanded\":\"no\",\"ux_val\":1,\"exturl\":\"\",\"mapscroll\":\"true\",\"mapformat\":\"roadmap\",\"mapzoom\":\"16\",\"maps_load\":\"yes\"}'><\/div><div id='evcal_list' class='eventon_events_list '>Missing Event Data<\/div><\/div><\/p>\n<hr class=\"spd-ob-sommerschule-divider\" \/>\n<div class=\"spd-ob-sommerschule-date\"><em>5. Termin: <\/em>MI\u00a0|\u00a003. AUGUST 2022\u00a0|\u00a016.00 Uhr<\/div>\n<h3 class=\"spd-ob-sommerschule-title\">Auf eine Wurst mit dem Kreishandwerksmeister<\/h3>\n<div class=\"spd-ob-sommerschule-location\"><em>Treffpunkt: <\/em>16.00 Uhr\u00a0| Fernewaldstr. 68 | 46145 Oberhausen<\/div>\n<p>Galoppierende Energiepreise, Fachkr\u00e4ftemangel, Nachwuchssorgen: Das sind nur einige Stichworte, die aktuell zum Thema Handwerk h\u00e4ufig fallen. Wie sieht die Situation vor Ort aus? Wir fragen bei einem nach, der\u2019s wissen muss: Fleischermeister und Kreishandwerksmeister J\u00f6rg Bischoff, Stadtverordneter der SPD, bezieht zu diesen und vielen anderen Themen Stellung im Rahmen einer F\u00fchrung \u00fcber das Betriebsgel\u00e4nde der Fleischerei Bischoff. Wie immer zum Abschluss unserer Sommerschul-Aktion sind alle Teilnehmerinnen und Teilnehmer im Anschluss herzlich auf ein Getr\u00e4nk und Gegrilltes frisch vom Rost eingeladen.<\/p>\n<p>Da wir hier die Teilnehmerzahl auf 40 Personen begrenzen m\u00fcssen, bitten wir bis zum 29. Juli um eine Anmeldung, am besten per E-Mail: <a href=\"mailto:buero@spd-fraktion-oberhausen.de\">buero@spd-fraktion-oberhausen.de<\/a>, oder telefonisch unter <strong>(0208) 825 3460<\/strong>.<br \/>\n<div class='ajde_evcal_calendar eventon_single_event eventon_event evo_sin_box sev cev color esty_2' ><div class='evo-data'   data-ux_val='1' data-exturl='' data-mapscroll='true' data-mapformat='roadmap' data-mapzoom='16' ><\/div><div class='evo_cal_data' data-sc='{\"excerpt\":\"no\",\"expanded\":\"no\",\"ux_val\":1,\"exturl\":\"\",\"mapscroll\":\"true\",\"mapformat\":\"roadmap\",\"mapzoom\":\"16\",\"maps_load\":\"yes\"}'><\/div><div id='evcal_list' class='eventon_events_list '>Missing Event Data<\/div><\/div><\/p>\n","protected":false},"excerpt":{"rendered":"<p>Die eigene Stadt ein bisschen besser kennenlernen, hinter die Kulissen blicken und zum Abschluss ein kleines Grillfest: Die Sommerschule der SPD-Ratsfraktion steht wieder in den Startl\u00f6chern: An f\u00fcnf Terminen laden&hellip; <\/p>\n","protected":false},"author":1,"featured_media":0,"comment_status":"closed","ping_status":"closed","sticky":false,"template":"","format":"standard","meta":{"footnotes":""},"categories":[173,171],"tags":[819,3217],"quellen":[326,327],"class_list":["post-9136","post","type-post","status-publish","format-standard","hentry","category-parteileben","category-veranstaltungen","tag-spd-sommerschule","tag-spd-sommerschule-2022","quellen-spd-fraktion-oberhausen","quellen-spd-unterbezirk-oberhausen"],"_links":{"self":[{"href":"https:\/\/meier-gerdingh.de\/wp-spd-ob\/wp-json\/wp\/v2\/posts\/9136","targetHints":{"allow":["GET"]}}],"collection":[{"href":"https:\/\/meier-gerdingh.de\/wp-spd-ob\/wp-json\/wp\/v2\/posts"}],"about":[{"href":"https:\/\/meier-gerdingh.de\/wp-spd-ob\/wp-json\/wp\/v2\/types\/post"}],"author":[{"embeddable":true,"href":"https:\/\/meier-gerdingh.de\/wp-spd-ob\/wp-json\/wp\/v2\/users\/1"}],"replies":[{"embeddable":true,"href":"https:\/\/meier-gerdingh.de\/wp-spd-ob\/wp-json\/wp\/v2\/comments?post=9136"}],"version-history":[{"count":0,"href":"https:\/\/meier-gerdingh.de\/wp-spd-ob\/wp-json\/wp\/v2\/posts\/9136\/revisions"}],"wp:attachment":[{"href":"https:\/\/meier-gerdingh.de\/wp-spd-ob\/wp-json\/wp\/v2\/media?parent=9136"}],"wp:term":[{"taxonomy":"category","embeddable":true,"href":"https:\/\/meier-gerdingh.de\/wp-spd-ob\/wp-json\/wp\/v2\/categories?post=9136"},{"taxonomy":"post_tag","embeddable":true,"href":"https:\/\/meier-gerdingh.de\/wp-spd-ob\/wp-json\/wp\/v2\/tags?post=9136"},{"taxonomy":"quellen","embeddable":true,"href":"https:\/\/meier-gerdingh.de\/wp-spd-ob\/wp-json\/wp\/v2\/quellen?post=9136"}],"curies":[{"name":"wp","href":"https:\/\/api.w.org\/{rel}","templated":true}]}}