{"id":914,"date":"2011-11-02T17:00:00","date_gmt":"2011-11-02T15:00:00","guid":{"rendered":"http:\/\/www.meier-gerdingh.de\/spd-oberhausen\/wp\/?p=914"},"modified":"2017-05-17T17:07:16","modified_gmt":"2017-05-17T15:07:16","slug":"jusos-fuehren-vollversammlungsprinzip-ein","status":"publish","type":"post","link":"https:\/\/meier-gerdingh.de\/wp-spd-ob\/2011\/11\/02\/jusos-fuehren-vollversammlungsprinzip-ein\/","title":{"rendered":"Jusos f\u00fchren Vollversammlungsprinzip ein"},"content":{"rendered":"<p><a href=\"http:\/\/meier-gerdingh.de\/wp-spd-ob\/wp-content\/uploads\/logo_jusos_oberhausen_neu.jpg\"><img decoding=\"async\" class=\"size-full alignleft\" src=\"http:\/\/meier-gerdingh.de\/wp-spd-ob\/wp-content\/uploads\/logo_jusos_oberhausen_neu.jpg\" alt=\"\" width=\"199\" height=\"121\" \/><\/a>Die Oberhausener Jungsozialisten haben auf ihrer Unterbezirkskonferenz eine neue Satzung beschlossen. Im Kern der komplett reformierten Satzung wurde das bisherige Delegiertensystem abgeschafft und durch eine Vollversammlung ersetzt. Damit kann nun jedes Mitglied den Vorstand w\u00e4hlen und \u00fcber die grunds\u00e4tzliche Politik der Jusos abstimmen.<!--more--><\/p>\n<p>Ich bin stolz, dass uns diese umfassende Reform gegl\u00fcckt ist. Nach jahrelangen Diskussionen ist uns auf dieser UB-Konferenz ein historischer Schritt zu mehr Basisdemokratie gelungen. Ich hoffe, dass sich mehr junge Menschen eingeladen f\u00fchlen, mit uns etwas zu bewegen, erkl\u00e4rte Juso-Vorsitzender Maurizio Graw nach der UB-Konferenz.<\/p>\n<p>Bewegen soll sich nach dem Willen der Jusos auch einiges in der SPD.<br \/>\nEinstimmig forderte die UB-Konferenz, dass die drei gro\u00dfen Arbeitsgemeinschaften, AsF, AG 60 plus und Jusos, auf dem SPD-Parteitag jeweils f\u00fcnf Delegierte bekommen sollen.<\/p>\n<p>&#8222;Die drei gro\u00dfen Arbeitsgemeinschaften leisten einen gro\u00dfen und unverzichtbaren Teil der inhaltlichen Arbeit in der SPD und binden durch ihre Themen Mitglieder auch au\u00dferhalb der Ortsvereine. Es ist l\u00e4ngst \u00fcberf\u00e4llig, dass auch die Arbeitsgemeinschaften einen eigenen Stimmenanteil auf dem Parteitag bekommen. Die St\u00e4rkung der Arbeitsgemeinschaften wird der SPD sehr gut tun&#8220;, erl\u00e4utert Maurizio Graw die Forderung.<\/p>\n<p>Neben den Satzungsfragen wurde auch inhaltlich sehr stark diskutiert. So wurde zum Beispiel ein erm\u00e4\u00dfigter Tarif f\u00fcr Sch\u00fcler und Studenten in Oberhausener Schwimmb\u00e4dern gefordert.<\/p>\n<p>Der Saporoshje-Platz soll nach Juso-Beschlusslage als kultureller Freiraum genutzt werden k\u00f6nnen, was wichtig f\u00fcr den Kulturstandort Oberhausen w\u00e4re und die Atttraktivit\u00e4t der Innenstadt f\u00fcr junge Menschen steigern w\u00fcrde.<\/p>\n<p>Auch zur aktuellen Diskussion um Bankenzerschlagungen haben die Jusos einen Beschluss gefasst. Die spekulativen Gesch\u00e4fte und die Einlagen- und Kreditgesch\u00e4fte der Banken m\u00fcssen voneinander getrennt und gegenseitige Haftung ausgeschlossen werden. Damit w\u00fcrde ein erster Schritt gemacht, um die Staaten nicht l\u00e4nger erpressbar zu machen. Deutlich wurde auch, dass dies nur ein Anfang sein k\u00f6nne und weitere Schritte wie eine weltweite Finanztransaktionssteuer folgen m\u00fcssten. Auch Verstaatlichungen von Banken seien bei dieser bedrohlichen Lage sinnvoll.<\/p>\n","protected":false},"excerpt":{"rendered":"<p>Die Oberhausener Jungsozialisten haben auf ihrer Unterbezirkskonferenz eine neue Satzung beschlossen. Im Kern der komplett reformierten Satzung wurde das bisherige Delegiertensystem abgeschafft und durch eine Vollversammlung ersetzt. Damit kann nun&hellip; <\/p>\n","protected":false},"author":1,"featured_media":0,"comment_status":"closed","ping_status":"closed","sticky":false,"template":"","format":"standard","meta":{"footnotes":""},"categories":[1],"tags":[],"quellen":[],"class_list":["post-914","post","type-post","status-publish","format-standard","hentry","category-allgemein"],"_links":{"self":[{"href":"https:\/\/meier-gerdingh.de\/wp-spd-ob\/wp-json\/wp\/v2\/posts\/914","targetHints":{"allow":["GET"]}}],"collection":[{"href":"https:\/\/meier-gerdingh.de\/wp-spd-ob\/wp-json\/wp\/v2\/posts"}],"about":[{"href":"https:\/\/meier-gerdingh.de\/wp-spd-ob\/wp-json\/wp\/v2\/types\/post"}],"author":[{"embeddable":true,"href":"https:\/\/meier-gerdingh.de\/wp-spd-ob\/wp-json\/wp\/v2\/users\/1"}],"replies":[{"embeddable":true,"href":"https:\/\/meier-gerdingh.de\/wp-spd-ob\/wp-json\/wp\/v2\/comments?post=914"}],"version-history":[{"count":0,"href":"https:\/\/meier-gerdingh.de\/wp-spd-ob\/wp-json\/wp\/v2\/posts\/914\/revisions"}],"wp:attachment":[{"href":"https:\/\/meier-gerdingh.de\/wp-spd-ob\/wp-json\/wp\/v2\/media?parent=914"}],"wp:term":[{"taxonomy":"category","embeddable":true,"href":"https:\/\/meier-gerdingh.de\/wp-spd-ob\/wp-json\/wp\/v2\/categories?post=914"},{"taxonomy":"post_tag","embeddable":true,"href":"https:\/\/meier-gerdingh.de\/wp-spd-ob\/wp-json\/wp\/v2\/tags?post=914"},{"taxonomy":"quellen","embeddable":true,"href":"https:\/\/meier-gerdingh.de\/wp-spd-ob\/wp-json\/wp\/v2\/quellen?post=914"}],"curies":[{"name":"wp","href":"https:\/\/api.w.org\/{rel}","templated":true}]}}