{"id":9151,"date":"2022-07-01T16:45:12","date_gmt":"2022-07-01T14:45:12","guid":{"rendered":"https:\/\/meier-gerdingh.de\/wp-spd-ob\/?p=9151"},"modified":"2022-07-01T16:48:19","modified_gmt":"2022-07-01T14:48:19","slug":"jetzt-fuer-den-jugend-landtag-bewerben-3","status":"publish","type":"post","link":"https:\/\/meier-gerdingh.de\/wp-spd-ob\/2022\/07\/01\/jetzt-fuer-den-jugend-landtag-bewerben-3\/","title":{"rendered":"Jetzt f\u00fcr den Jugend-Landtag bewerben!"},"content":{"rendered":"<p><a href=\"https:\/\/meier-gerdingh.de\/wp-spd-ob\/wp-content\/uploads\/2019\/12\/lt-nrw-2019.jpg\"><img decoding=\"async\" class=\"aligncenter size-full wp-image-6871\" src=\"https:\/\/meier-gerdingh.de\/wp-spd-ob\/wp-content\/uploads\/2019\/12\/lt-nrw-2019.jpg\" alt=\"\" width=\"800\" height=\"300\" srcset=\"https:\/\/meier-gerdingh.de\/wp-spd-ob\/wp-content\/uploads\/2019\/12\/lt-nrw-2019.jpg 800w, https:\/\/meier-gerdingh.de\/wp-spd-ob\/wp-content\/uploads\/2019\/12\/lt-nrw-2019-300x113.jpg 300w, https:\/\/meier-gerdingh.de\/wp-spd-ob\/wp-content\/uploads\/2019\/12\/lt-nrw-2019-768x288.jpg 768w\" sizes=\"(max-width: 800px) 100vw, 800px\" \/><\/a>Die SPD-Abgeordneten Sonja Bongers, Frederick Cordes und Stefan Zimkeit laden drei Jugendliche dazu ein, <strong>vom 27. bis 29. Oktober 2022<\/strong> ihre Pl\u00e4tze im Parlament einzunehmen. An dem Wochenende soll in D\u00fcsseldorf der dreit\u00e4gige Jugend-Landtag stattfinden.<\/p>\n<p>Diskutiert werden in unterschiedlichen Sitzungen aktuelle Themen, um die parlamentarischen Abl\u00e4ufe realit\u00e4tsnah zu simulieren. &#8222;Das ist eine klasse M\u00f6glichkeit, Demokratie hautnah zu erleben&#8220;, sagt Sonja Bongers. Und Frederick Cordes meint: &#8222;Unsere Demokratie lebt von jungen Menschen, die engagiert f\u00fcr ihre Positionen einstehen und Lust haben, sich f\u00fcr die Zukunft in NRW einzusetzen.&#8220;<!--more--><\/p>\n<p>195 junge Menschen werden in die Rolle eines Parlamentsmitglieds schl\u00fcpfen und Aussch\u00fcsse, Fraktionssitzung sowie Plenarberatung aktiv gestalten und den parlamentarischen Arbeitsalltag kennenlernen. Die Beschl\u00fcsse der &#8222;Jugend-Landtagsabgeordneten&#8220; werden anschlie\u00dfend den Abgeordneten des &#8222;wirklichen&#8220; Landtags vorgelegt.<\/p>\n<p>Bewerben k\u00f6nnen sich junge Menschen im Alter zwischen 16 und 20 Jahren, die in Oberhausen wohnen, indem sie sich <strong>bis Montag, 15. August 2022<\/strong>, unter <a href=\"mailto:sonja.bongers@landtag.nrw.de\">sonja.bongers@landtag.nrw.de<\/a> melden. Bewerbungen m\u00fcssen Telefonnummer, Adresse, Geburtsdatum, eine Angabe, ob man zur Schule geht, studiert, in Ausbildung oder berufst\u00e4tig ist, sowie einen kurzen Satz enthalten, warum man beim Jugend-Landtag mitmachen m\u00f6chte.<\/p>\n<p>S\u00e4mtliche Kosten inklusive \u00dcbernachtung werden vom Landtag \u00fcbernommen. Die Durchf\u00fchrung steht unter Vorbehalt der weiteren Entwicklung der Pandemie und der im Oktober geltenden Vorgaben zur Corona-Bek\u00e4mpfung.<\/p>\n","protected":false},"excerpt":{"rendered":"<p>Die SPD-Abgeordneten Sonja Bongers, Frederick Cordes und Stefan Zimkeit laden drei Jugendliche dazu ein, vom 27. bis 29. Oktober 2022 ihre Pl\u00e4tze im Parlament einzunehmen. An dem Wochenende soll in&hellip; <\/p>\n","protected":false},"author":1,"featured_media":0,"comment_status":"closed","ping_status":"closed","sticky":false,"template":"","format":"standard","meta":{"footnotes":""},"categories":[179,216],"tags":[97,219],"quellen":[2806,1317,331],"class_list":["post-9151","post","type-post","status-publish","format-standard","hentry","category-kinder-und-jugendliche","category-land","tag-jugend-landtag","tag-landtag-nrw","quellen-mdl-frederick-cordes","quellen-mdl-sonja-bongers","quellen-mdl-stefan-zimkeit"],"_links":{"self":[{"href":"https:\/\/meier-gerdingh.de\/wp-spd-ob\/wp-json\/wp\/v2\/posts\/9151","targetHints":{"allow":["GET"]}}],"collection":[{"href":"https:\/\/meier-gerdingh.de\/wp-spd-ob\/wp-json\/wp\/v2\/posts"}],"about":[{"href":"https:\/\/meier-gerdingh.de\/wp-spd-ob\/wp-json\/wp\/v2\/types\/post"}],"author":[{"embeddable":true,"href":"https:\/\/meier-gerdingh.de\/wp-spd-ob\/wp-json\/wp\/v2\/users\/1"}],"replies":[{"embeddable":true,"href":"https:\/\/meier-gerdingh.de\/wp-spd-ob\/wp-json\/wp\/v2\/comments?post=9151"}],"version-history":[{"count":0,"href":"https:\/\/meier-gerdingh.de\/wp-spd-ob\/wp-json\/wp\/v2\/posts\/9151\/revisions"}],"wp:attachment":[{"href":"https:\/\/meier-gerdingh.de\/wp-spd-ob\/wp-json\/wp\/v2\/media?parent=9151"}],"wp:term":[{"taxonomy":"category","embeddable":true,"href":"https:\/\/meier-gerdingh.de\/wp-spd-ob\/wp-json\/wp\/v2\/categories?post=9151"},{"taxonomy":"post_tag","embeddable":true,"href":"https:\/\/meier-gerdingh.de\/wp-spd-ob\/wp-json\/wp\/v2\/tags?post=9151"},{"taxonomy":"quellen","embeddable":true,"href":"https:\/\/meier-gerdingh.de\/wp-spd-ob\/wp-json\/wp\/v2\/quellen?post=9151"}],"curies":[{"name":"wp","href":"https:\/\/api.w.org\/{rel}","templated":true}]}}