{"id":9162,"date":"2022-07-13T10:33:11","date_gmt":"2022-07-13T08:33:11","guid":{"rendered":"https:\/\/meier-gerdingh.de\/wp-spd-ob\/?p=9162"},"modified":"2022-07-14T10:33:27","modified_gmt":"2022-07-14T08:33:27","slug":"stadt-muss-sich-besser-abstimmen","status":"publish","type":"post","link":"https:\/\/meier-gerdingh.de\/wp-spd-ob\/2022\/07\/13\/stadt-muss-sich-besser-abstimmen\/","title":{"rendered":"&#8222;Stadt muss sich besser abstimmen&#8220;"},"content":{"rendered":"<div id=\"attachment_5398\" style=\"width: 190px\" class=\"wp-caption alignleft\"><a href=\"https:\/\/meier-gerdingh.de\/wp-spd-ob\/wp-content\/uploads\/2018\/07\/14_real_ulrich.jpg\"><img aria-describedby=\"caption-attachment-5398\" decoding=\"async\" class=\"size-full wp-image-5398\" src=\"https:\/\/meier-gerdingh.de\/wp-spd-ob\/wp-content\/uploads\/2018\/07\/14_real_ulrich.jpg\" alt=\"\" width=\"180\" height=\"180\" srcset=\"https:\/\/meier-gerdingh.de\/wp-spd-ob\/wp-content\/uploads\/2018\/07\/14_real_ulrich.jpg 180w, https:\/\/meier-gerdingh.de\/wp-spd-ob\/wp-content\/uploads\/2018\/07\/14_real_ulrich-150x150.jpg 150w\" sizes=\"(max-width: 180px) 100vw, 180px\" \/><\/a><p id=\"caption-attachment-5398\" class=\"wp-caption-text\">Ulrich Real ist Bezirksb\u00fcrgermeister von Sterkrade und planungspolitischer Sprecher der SPD-Ratsfraktion<\/p><\/div>\n<p>Immer wieder ist die Rede von Masterpl\u00e4nen, Machbarkeitsstudien oder Konzepten, die in Oberhausen f\u00fcr positive Ver\u00e4nderungen sorgen sollen. Ulrich Real, planungspolitischer Sprecher der SPD-Fraktion, weist jedoch auf einen Umstand hin, der durch die Politik in jedem Fall beobachtet werden muss: &#8222;Schaut man sich das Wirtschaftsfl\u00e4chenkonzept an, fallen sofort einige Punkte auf, die im Masterplan Neue Mitte bereits anders vom Rat der Stadt beschlossen wurden&#8220;.<!--more--><\/p>\n<p>Die Zusammenarbeit der Bereiche der Verwaltung und auch der st\u00e4tischen Unternehmen funktioniert anscheinend aktuell nicht reibungslos. &#8222;Die Absprachen im Konzern Stadt sind bei solchen Projekten sehr wichtig, damit die beschlossenen Ma\u00dfnahmen letztendlich auch gelingen&#8220;, macht Real klar.<\/p>\n","protected":false},"excerpt":{"rendered":"<p>Immer wieder ist die Rede von Masterpl\u00e4nen, Machbarkeitsstudien oder Konzepten, die in Oberhausen f\u00fcr positive Ver\u00e4nderungen sorgen sollen. Ulrich Real, planungspolitischer Sprecher der SPD-Fraktion, weist jedoch auf einen Umstand hin,&hellip; <\/p>\n","protected":false},"author":1,"featured_media":0,"comment_status":"closed","ping_status":"closed","sticky":false,"template":"","format":"standard","meta":{"footnotes":""},"categories":[391,27,896],"tags":[843,3013,2054,3226],"quellen":[326],"class_list":["post-9162","post","type-post","status-publish","format-standard","hentry","category-konzern-stadt","category-planen-bauen-wohnen-verkehr","category-stadtverwaltung","tag-gewerbeflaechen","tag-masterplan-neue-mitte","tag-stadtplanung","tag-wirtschaftsflaechenkonzept","quellen-spd-fraktion-oberhausen"],"_links":{"self":[{"href":"https:\/\/meier-gerdingh.de\/wp-spd-ob\/wp-json\/wp\/v2\/posts\/9162","targetHints":{"allow":["GET"]}}],"collection":[{"href":"https:\/\/meier-gerdingh.de\/wp-spd-ob\/wp-json\/wp\/v2\/posts"}],"about":[{"href":"https:\/\/meier-gerdingh.de\/wp-spd-ob\/wp-json\/wp\/v2\/types\/post"}],"author":[{"embeddable":true,"href":"https:\/\/meier-gerdingh.de\/wp-spd-ob\/wp-json\/wp\/v2\/users\/1"}],"replies":[{"embeddable":true,"href":"https:\/\/meier-gerdingh.de\/wp-spd-ob\/wp-json\/wp\/v2\/comments?post=9162"}],"version-history":[{"count":0,"href":"https:\/\/meier-gerdingh.de\/wp-spd-ob\/wp-json\/wp\/v2\/posts\/9162\/revisions"}],"wp:attachment":[{"href":"https:\/\/meier-gerdingh.de\/wp-spd-ob\/wp-json\/wp\/v2\/media?parent=9162"}],"wp:term":[{"taxonomy":"category","embeddable":true,"href":"https:\/\/meier-gerdingh.de\/wp-spd-ob\/wp-json\/wp\/v2\/categories?post=9162"},{"taxonomy":"post_tag","embeddable":true,"href":"https:\/\/meier-gerdingh.de\/wp-spd-ob\/wp-json\/wp\/v2\/tags?post=9162"},{"taxonomy":"quellen","embeddable":true,"href":"https:\/\/meier-gerdingh.de\/wp-spd-ob\/wp-json\/wp\/v2\/quellen?post=9162"}],"curies":[{"name":"wp","href":"https:\/\/api.w.org\/{rel}","templated":true}]}}