{"id":9183,"date":"2022-08-09T20:53:45","date_gmt":"2022-08-09T18:53:45","guid":{"rendered":"https:\/\/meier-gerdingh.de\/wp-spd-ob\/?p=9183"},"modified":"2022-08-09T21:05:13","modified_gmt":"2022-08-09T19:05:13","slug":"spd-reihe-informiert-ueber-grundsteuerreform","status":"publish","type":"post","link":"https:\/\/meier-gerdingh.de\/wp-spd-ob\/2022\/08\/09\/spd-reihe-informiert-ueber-grundsteuerreform\/","title":{"rendered":"SPD-Reihe informiert \u00fcber Grundsteuerreform"},"content":{"rendered":"<p><a href=\"https:\/\/meier-gerdingh.de\/wp-spd-ob\/wp-content\/uploads\/2022\/08\/buergerbeteiligung.png\"><img decoding=\"async\" class=\"aligncenter size-full wp-image-9182\" src=\"https:\/\/meier-gerdingh.de\/wp-spd-ob\/wp-content\/uploads\/2022\/08\/buergerbeteiligung.png\" alt=\"\" width=\"700\" height=\"122\" srcset=\"https:\/\/meier-gerdingh.de\/wp-spd-ob\/wp-content\/uploads\/2022\/08\/buergerbeteiligung.png 700w, https:\/\/meier-gerdingh.de\/wp-spd-ob\/wp-content\/uploads\/2022\/08\/buergerbeteiligung-300x52.png 300w\" sizes=\"(max-width: 700px) 100vw, 700px\" \/><\/a>Nach einem Urteil des Bundesverfassungsgerichts im Jahr 2018 m\u00fcssen die Finanz\u00e4mter Grundst\u00fcckswerte f\u00fcr die Festlegung der Grundsteuer neu kalkulieren. Dies hat auch in Oberhausen zu vielen Fragen und Verunsicherung aufseiten der Hauseigent\u00fcmerinnen und -eigent\u00fcmer gef\u00fchrt.<\/p>\n<p>Die SPD-Fraktion vor Ort und die Arbeitsgemeinschaft &#8222;60 plus\u201c der Sozialdemokraten haben auf die zahlreichen Fragen gerade \u00e4lterer B\u00fcrgerinnen und B\u00fcrger reagiert und eine Veranstaltungsreihe ins Leben gerufen. &#8222;Grundlagenwissen f\u00fcr Hauseigent\u00fcmer*innen&#8220; startet am <strong>Donnerstag, 18. August, um 18.30 Uhr<\/strong> im <strong>Caf\u00e9 und Bistro Jahreszeiten<\/strong> im Quartiersb\u00fcro <strong>An der Guten Hoffnung 8<\/strong>, <strong>46145 Oberhausen<\/strong>.<!--more--><\/p>\n<p>Referentin ist <strong>Vera H\u00f6ger, Rechtsanw\u00e4ltin und Quartierskoordinatorin des DRK Oberhausen<\/strong>. An diesem Abend werden die Teilnehmerinnen und Teilnehmer dar\u00fcber informiert, wie sie ihre Daten den Finanz\u00e4mtern digital \u00fcbermitteln, au\u00dferdem werden Fragen beantwortet.<\/p>\n<p>Die Teilnahme an der Informationsveranstaltung ist kostenlos, Interessierte melden sich an unter <a href=\"mailto:buero@spd-fraktion-oberhausen.de\">buero@spd-fraktion-oberhausen.de<\/a> oder telefonisch: <strong>(0208) 825-34 60<\/strong>.<\/p>\n","protected":false},"excerpt":{"rendered":"<p>Nach einem Urteil des Bundesverfassungsgerichts im Jahr 2018 m\u00fcssen die Finanz\u00e4mter Grundst\u00fcckswerte f\u00fcr die Festlegung der Grundsteuer neu kalkulieren. Dies hat auch in Oberhausen zu vielen Fragen und Verunsicherung aufseiten&hellip; <\/p>\n","protected":false},"author":1,"featured_media":0,"comment_status":"closed","ping_status":"closed","sticky":false,"template":"","format":"standard","meta":{"footnotes":""},"categories":[98,854,171],"tags":[3238,3235,814,3237,3236,3239],"quellen":[328,326],"class_list":["post-9183","post","type-post","status-publish","format-standard","hentry","category-finanzen","category-senioren","category-veranstaltungen","tag-finanzamt","tag-fraktion-vor-ort","tag-grundsteuer","tag-grundsteuererklaerung","tag-grundsteuerreform","tag-grundstueckswerte","quellen-ag-60-plus-oberhausen","quellen-spd-fraktion-oberhausen"],"_links":{"self":[{"href":"https:\/\/meier-gerdingh.de\/wp-spd-ob\/wp-json\/wp\/v2\/posts\/9183","targetHints":{"allow":["GET"]}}],"collection":[{"href":"https:\/\/meier-gerdingh.de\/wp-spd-ob\/wp-json\/wp\/v2\/posts"}],"about":[{"href":"https:\/\/meier-gerdingh.de\/wp-spd-ob\/wp-json\/wp\/v2\/types\/post"}],"author":[{"embeddable":true,"href":"https:\/\/meier-gerdingh.de\/wp-spd-ob\/wp-json\/wp\/v2\/users\/1"}],"replies":[{"embeddable":true,"href":"https:\/\/meier-gerdingh.de\/wp-spd-ob\/wp-json\/wp\/v2\/comments?post=9183"}],"version-history":[{"count":0,"href":"https:\/\/meier-gerdingh.de\/wp-spd-ob\/wp-json\/wp\/v2\/posts\/9183\/revisions"}],"wp:attachment":[{"href":"https:\/\/meier-gerdingh.de\/wp-spd-ob\/wp-json\/wp\/v2\/media?parent=9183"}],"wp:term":[{"taxonomy":"category","embeddable":true,"href":"https:\/\/meier-gerdingh.de\/wp-spd-ob\/wp-json\/wp\/v2\/categories?post=9183"},{"taxonomy":"post_tag","embeddable":true,"href":"https:\/\/meier-gerdingh.de\/wp-spd-ob\/wp-json\/wp\/v2\/tags?post=9183"},{"taxonomy":"quellen","embeddable":true,"href":"https:\/\/meier-gerdingh.de\/wp-spd-ob\/wp-json\/wp\/v2\/quellen?post=9183"}],"curies":[{"name":"wp","href":"https:\/\/api.w.org\/{rel}","templated":true}]}}