{"id":9188,"date":"2022-08-10T10:45:55","date_gmt":"2022-08-10T08:45:55","guid":{"rendered":"https:\/\/meier-gerdingh.de\/wp-spd-ob\/?p=9188"},"modified":"2022-08-10T10:46:15","modified_gmt":"2022-08-10T08:46:15","slug":"spd-alsfeld-holten-auf-sommertour","status":"publish","type":"post","link":"https:\/\/meier-gerdingh.de\/wp-spd-ob\/2022\/08\/10\/spd-alsfeld-holten-auf-sommertour\/","title":{"rendered":"SPD Alsfeld-Holten auf Sommertour"},"content":{"rendered":"<div id=\"attachment_9186\" style=\"width: 710px\" class=\"wp-caption aligncenter\"><a href=\"https:\/\/meier-gerdingh.de\/wp-spd-ob\/wp-content\/uploads\/2022\/08\/ov-alsfeld-holten-sommertour-22-08-06-lg.jpg\"><img aria-describedby=\"caption-attachment-9186\" decoding=\"async\" class=\"size-full wp-image-9186\" src=\"https:\/\/meier-gerdingh.de\/wp-spd-ob\/wp-content\/uploads\/2022\/08\/ov-alsfeld-holten-sommertour-22-08-06.jpg\" alt=\"\" width=\"700\" height=\"443\" srcset=\"https:\/\/meier-gerdingh.de\/wp-spd-ob\/wp-content\/uploads\/2022\/08\/ov-alsfeld-holten-sommertour-22-08-06.jpg 700w, https:\/\/meier-gerdingh.de\/wp-spd-ob\/wp-content\/uploads\/2022\/08\/ov-alsfeld-holten-sommertour-22-08-06-300x190.jpg 300w\" sizes=\"(max-width: 700px) 100vw, 700px\" \/><\/a><p id=\"caption-attachment-9186\" class=\"wp-caption-text\">&#8222;Das hat Sinn und Spa\u00df gemacht. Das machen wir jetzt \u00f6fter&#8220;, so das einhellige Fazit der Teilnehmerinnen und Teilnehmer der Sommer-Fahrradtour des Ortsvereins Alsfeld-Holten<\/p><\/div>\n<p>&#8222;Ihr lasst euch ja immer nur zu Wahlk\u00e4mpfen blicken.&#8220; &#8211; Diesem Vorwurf wollte der SPD-Ortsverein Alsfeld-Holten begegnen und startete am vergangenen Samstag eine Radtour durch seine Stadtteile. Ausger\u00fcstet mit roten Wimpeln, ein paar Aufmerksamkeiten und hei\u00dfem Kaffee traf man sich an der Kirchhellenerstra\u00dfe zu ersten Gespr\u00e4chen mit B\u00fcrgerinnen und B\u00fcrgern.<!--more--><\/p>\n<p>Von da aus ging es gutgelaunt gr\u00fc\u00dfend zum Supermarkt an der Hartmannstra\u00dfe in K\u00f6nigshardt, weiter zur Dachsstra\u00dfe, durch den Volkspark \u00fcber die HOAG-Trasse bis zum Kastell Holten.<\/p>\n<p>Die angesprochenen Spazierg\u00e4nger und Radfahrerinnen zeigten sich erstaunt: &#8222;Wann muss ich denn jetzt schon wieder mein Kreuz machen?&#8220; &#8222;Momentan gar nicht, wir sind einfach hier um mit Ihnen ins Gespr\u00e4ch zu kommen und zu erfahren, wo der Schuh dr\u00fcckt&#8220;, so die Antwort der SPD-Mitglieder.<\/p>\n<p>Themen gab es viele: Vom Ukraine-Krieg und den Folgen f\u00fcr die Menschen dort und hier oder lokalen Fragestellungen. Am Ende war man sich bei der SPD einig: Das hat Sinn und Spa\u00df gemacht, das machen wir jetzt \u00f6fter.<\/p>\n","protected":false},"excerpt":{"rendered":"<p>&#8222;Ihr lasst euch ja immer nur zu Wahlk\u00e4mpfen blicken.&#8220; &#8211; Diesem Vorwurf wollte der SPD-Ortsverein Alsfeld-Holten begegnen und startete am vergangenen Samstag eine Radtour durch seine Stadtteile. Ausger\u00fcstet mit roten&hellip; <\/p>\n","protected":false},"author":1,"featured_media":0,"comment_status":"closed","ping_status":"closed","sticky":false,"template":"","format":"standard","meta":{"footnotes":""},"categories":[173,167],"tags":[1377,2483,386,1473,3240],"quellen":[336],"class_list":["post-9188","post","type-post","status-publish","format-standard","hentry","category-parteileben","category-stadtteile","tag-alsfeld","tag-fahrradtour","tag-holten","tag-kastell-holten","tag-sommertour","quellen-ov-alsfeld-holten"],"_links":{"self":[{"href":"https:\/\/meier-gerdingh.de\/wp-spd-ob\/wp-json\/wp\/v2\/posts\/9188","targetHints":{"allow":["GET"]}}],"collection":[{"href":"https:\/\/meier-gerdingh.de\/wp-spd-ob\/wp-json\/wp\/v2\/posts"}],"about":[{"href":"https:\/\/meier-gerdingh.de\/wp-spd-ob\/wp-json\/wp\/v2\/types\/post"}],"author":[{"embeddable":true,"href":"https:\/\/meier-gerdingh.de\/wp-spd-ob\/wp-json\/wp\/v2\/users\/1"}],"replies":[{"embeddable":true,"href":"https:\/\/meier-gerdingh.de\/wp-spd-ob\/wp-json\/wp\/v2\/comments?post=9188"}],"version-history":[{"count":0,"href":"https:\/\/meier-gerdingh.de\/wp-spd-ob\/wp-json\/wp\/v2\/posts\/9188\/revisions"}],"wp:attachment":[{"href":"https:\/\/meier-gerdingh.de\/wp-spd-ob\/wp-json\/wp\/v2\/media?parent=9188"}],"wp:term":[{"taxonomy":"category","embeddable":true,"href":"https:\/\/meier-gerdingh.de\/wp-spd-ob\/wp-json\/wp\/v2\/categories?post=9188"},{"taxonomy":"post_tag","embeddable":true,"href":"https:\/\/meier-gerdingh.de\/wp-spd-ob\/wp-json\/wp\/v2\/tags?post=9188"},{"taxonomy":"quellen","embeddable":true,"href":"https:\/\/meier-gerdingh.de\/wp-spd-ob\/wp-json\/wp\/v2\/quellen?post=9188"}],"curies":[{"name":"wp","href":"https:\/\/api.w.org\/{rel}","templated":true}]}}