{"id":9192,"date":"2022-08-16T20:36:58","date_gmt":"2022-08-16T18:36:58","guid":{"rendered":"https:\/\/meier-gerdingh.de\/wp-spd-ob\/?p=9192"},"modified":"2022-08-16T20:41:35","modified_gmt":"2022-08-16T18:41:35","slug":"stefan-zimkeit-wieder-spd-fraktionssprecher-fuer-haushalt-und-finanzen","status":"publish","type":"post","link":"https:\/\/meier-gerdingh.de\/wp-spd-ob\/2022\/08\/16\/stefan-zimkeit-wieder-spd-fraktionssprecher-fuer-haushalt-und-finanzen\/","title":{"rendered":"Stefan Zimkeit wieder SPD-Fraktionssprecher f\u00fcr Haushalt und Finanzen"},"content":{"rendered":"<div id=\"attachment_9084\" style=\"width: 170px\" class=\"wp-caption alignleft\"><a href=\"https:\/\/meier-gerdingh.de\/wp-spd-ob\/wp-content\/uploads\/2022\/06\/zimkeit-stefan-mdl-22-portrait-lg.jpg\"><img aria-describedby=\"caption-attachment-9084\" decoding=\"async\" class=\"size-full wp-image-9084\" src=\"https:\/\/meier-gerdingh.de\/wp-spd-ob\/wp-content\/uploads\/2022\/06\/zimkeit-stefan-mdl-22-portrait.jpg\" alt=\"\" width=\"160\" height=\"200\" \/><\/a><p id=\"caption-attachment-9084\" class=\"wp-caption-text\">Stefan Zimkeit ist Landtagsabgeordneter f\u00fcr Oberhausen-Sterkrade und Dinslaken<\/p><\/div>\n<p>Stefan Zimkeit ist auch in der neuen Wahlperiode haushalts- und finanzpolitischer Sprecher der SPD-Landtagsfraktion. &#8222;Angesichts steigender Preise nicht nur beim Gas kommen auf die Politik viele Herausforderungen zu&#8220;, stellt Zimkeit fest, der gleichzeitig auch dem Fraktionsvorstand seiner Partei angeh\u00f6rt.<\/p>\n<p>&#8222;Wir haben die Pflicht und Verantwortung, die Menschen vor einem Abrutschen in die Armut zu sch\u00fctzen&#8220;, lautet seine \u00dcberzeugung. &#8222;Dazu muss auch das Land NRW seinen Beitrag leisten. Die schwarz-gr\u00fcne Koalition muss damit aufh\u00f6ren, sich hinter Appellen an die Bundesregierung zu verstecken.&#8220;<!--more--><\/p>\n<p>Stefan Zimkeit weist darauf hin, dass f\u00fcr Bus und Bahn ab dem 1. September wieder sehr teure VRR-Tickets bezahlt werden m\u00fcssen. &#8222;Das treibt nicht nur die Inflation zus\u00e4tzlich in die H\u00f6he, sondern ist f\u00fcr viele Menschen eine gro\u00dfe Belastung. Es darf nicht sein, dass die Landesregierung tatenlos zuschaut, wie das 9-Euro-Ticket ersatzlos verschwindet.&#8220;<\/p>\n<p>Der f\u00fcr Dinslaken und Sterkrade zust\u00e4ndige Landtagsabgeordnete verlangt, dass wenigstens Menschen mit geringem Einkommen zun\u00e4chst \u00fcbergangsweise entlastet werden.<\/p>\n<p>&#8222;Wie schon w\u00e4hrend der Pandemie muss verhindert werden, dass es in diesem Winter zu sozialen Verwerfungen kommt. F\u00fcr Mieterinnen und Mieter, denen hohe Nebenkostenforderungen drohen, muss es ein K\u00fcndigungsmoratorium geben. Ein Schutzschirm f\u00fcr die Stadtwerke sorgt f\u00fcr Sicherheit. Und f\u00fcr Vereine und soziale Einrichtungen, die die hohen Energiepreise nicht alleine tragen k\u00f6nnen, braucht es einen H\u00e4rtefallfonds&#8220;, z\u00e4hlt Stefan Zimkeit einige Forderungen auf, die er in die Landtagsdebatten einbringen wird.<\/p>\n","protected":false},"excerpt":{"rendered":"<p>Stefan Zimkeit ist auch in der neuen Wahlperiode haushalts- und finanzpolitischer Sprecher der SPD-Landtagsfraktion. &#8222;Angesichts steigender Preise nicht nur beim Gas kommen auf die Politik viele Herausforderungen zu&#8220;, stellt Zimkeit&hellip; <\/p>\n","protected":false},"author":1,"featured_media":0,"comment_status":"closed","ping_status":"closed","sticky":false,"template":"","format":"standard","meta":{"footnotes":""},"categories":[216,2169],"tags":[3242,2463,3179,3245,3241,219,3243,961,3244],"quellen":[331],"class_list":["post-9192","post","type-post","status-publish","format-standard","hentry","category-land","category-personalien","tag-9-euro-ticket","tag-corona-pandemie","tag-energiekosten","tag-haushalts-und-finanzausschuss-landtag-nrw","tag-haushaltspolitischer-sprecher","tag-landtag-nrw","tag-nebenkosten","tag-spd-landtagsfraktion","tag-stadtwerke","quellen-mdl-stefan-zimkeit"],"_links":{"self":[{"href":"https:\/\/meier-gerdingh.de\/wp-spd-ob\/wp-json\/wp\/v2\/posts\/9192","targetHints":{"allow":["GET"]}}],"collection":[{"href":"https:\/\/meier-gerdingh.de\/wp-spd-ob\/wp-json\/wp\/v2\/posts"}],"about":[{"href":"https:\/\/meier-gerdingh.de\/wp-spd-ob\/wp-json\/wp\/v2\/types\/post"}],"author":[{"embeddable":true,"href":"https:\/\/meier-gerdingh.de\/wp-spd-ob\/wp-json\/wp\/v2\/users\/1"}],"replies":[{"embeddable":true,"href":"https:\/\/meier-gerdingh.de\/wp-spd-ob\/wp-json\/wp\/v2\/comments?post=9192"}],"version-history":[{"count":0,"href":"https:\/\/meier-gerdingh.de\/wp-spd-ob\/wp-json\/wp\/v2\/posts\/9192\/revisions"}],"wp:attachment":[{"href":"https:\/\/meier-gerdingh.de\/wp-spd-ob\/wp-json\/wp\/v2\/media?parent=9192"}],"wp:term":[{"taxonomy":"category","embeddable":true,"href":"https:\/\/meier-gerdingh.de\/wp-spd-ob\/wp-json\/wp\/v2\/categories?post=9192"},{"taxonomy":"post_tag","embeddable":true,"href":"https:\/\/meier-gerdingh.de\/wp-spd-ob\/wp-json\/wp\/v2\/tags?post=9192"},{"taxonomy":"quellen","embeddable":true,"href":"https:\/\/meier-gerdingh.de\/wp-spd-ob\/wp-json\/wp\/v2\/quellen?post=9192"}],"curies":[{"name":"wp","href":"https:\/\/api.w.org\/{rel}","templated":true}]}}