{"id":921,"date":"2011-11-19T17:00:00","date_gmt":"2011-11-19T15:00:00","guid":{"rendered":"http:\/\/www.meier-gerdingh.de\/spd-oberhausen\/wp\/?p=921"},"modified":"2017-05-17T17:09:09","modified_gmt":"2017-05-17T15:09:09","slug":"oberhausener-spd-diskutiert-staerkungspakt-stadtfinanzen","status":"publish","type":"post","link":"https:\/\/meier-gerdingh.de\/wp-spd-ob\/2011\/11\/19\/oberhausener-spd-diskutiert-staerkungspakt-stadtfinanzen\/","title":{"rendered":"Oberhausener SPD diskutiert St\u00e4rkungspakt Stadtfinanzen"},"content":{"rendered":"<p>In einem Antrag f\u00fcr den Oberhausener SPD-Parteitag am kommenden Montag fordert der Unterbezirksvorstand einen nordrhein-westf\u00e4lischen St\u00e4rkungspakt Stadtfinanzen, dessen zentrales Ziel &#8222;die Wiedererlangung kommunaler Handlungsspielr\u00e4ume f\u00fcr unsere Stadt&#8220; ist. Die SPD-Landtagsfraktion wird aufgefordert, &#8222;daf\u00fcr Sorge zu tragen, dass der Zeitraum bis zum realisierbaren Haushaltsausgleich nicht auf den engen Zeitrahmen von f\u00fcnf Jahren festgelegt wird&#8220;. Innerhalb von f\u00fcnf Jahren sei f\u00fcr Oberhausen und andere hoch verschuldete St\u00e4dte ein ausgeglichener Haushalt &#8222;objektiv unerreichbar&#8220;. Der St\u00e4rkungspakt d\u00fcrfe nicht mit Sparauflagen verbunden sein, die eine nachhaltige Entwicklung der St\u00e4dte verhindern und so mittelfristig zu einer erneuten Verschuldung f\u00fchren k\u00f6nnen.<!--more--><\/p>\n<p>Der SPD-Vorstand weist auf die Notwendigkeit einer st\u00e4rken Beteiligung des Bundes an den kommunalen Soziallasten hin. &#8222;Die beschlossenen Erh\u00f6hungen der Bundesanteile an den Hilfen zur Unterbringung sowie an der Grundsicherung im Alter reichen nicht aus, um eine nachhaltige Entlastung zu erreichen.&#8220;<\/p>\n<p>Hier k\u00f6nnen Sie den Antrag als pdf-Dokument herunterladen:<br \/>\n<b><a class=\"normal\" href=\"http:\/\/meier-gerdingh.de\/wp-spd-ob\/pdf\/antrag_staerkungspakt_stadtfinanzen.pdf\" target=\"_blank\" rel=\"noopener noreferrer\">Antrag: &#8222;Heraus aus den Schulden &#8211; Perspektiven f\u00fcr Oberhausen&#8220; | pdf, 20 KB<\/a><\/b><\/p>\n<p>Der Unterbezirksparteitag findet am Montag, 21. November 2011, um 18 Uhr im Saal London der Luise-Albertz-Halle statt. Zun\u00e4chst wird Dieter Sch\u00e4fer, Bezirksvorsitzender ver.di, zum Thema &#8222;Auswege aus der kommunalen Finanzkrise aus gewerkschaftlicher Sicht&#8220; referieren. Anschlie\u00dfend spricht der Parlamentarische Gesch\u00e4ftsf\u00fchrer der SPD-Landtagsfraktion Marc Herter zum Thema &#8222;St\u00e4rkungspakt Stadtfinanzen &#8211; die Wiedergewinnung der kommunalen Handlungsf\u00e4higkeit&#8220;.<\/p>\n<p><b>Termin:<\/b><br \/>\nMontag, 21. November 2011, 18.00 Uhr,<br \/>\nSaal &#8222;London&#8220; der Luise-Albertz-Halle,<br \/>\nD\u00fcppelstra\u00dfe 1-3, 46045 Oberhausen<\/p>\n<div class=\"agenda\">\n<p>Vorl\u00e4ufige <b>Tagesordnung<\/b>:<\/p>\n<p><b>Pr\u00e4sidium:<\/b> Ortsverein Sterkrade-Nord<\/p>\n<ol>\n<li>Er\u00f6ffnung des Parteitages<\/li>\n<li>Konstituierung<br \/>\na) Annahme einer Tagesordnung<br \/>\nb) Annahme einer Gesch\u00e4ftsordnung<br \/>\nc) Wahl einer Versammlungsleitung<br \/>\nd) Wahl einer Mandatspr\u00fcfungskommission<br \/>\ne) Wahl einer Wahlkommission<br \/>\nf) Wahl einer Antragskommission<\/li>\n<li>Genehmigung der Niederschrift des Unterbezirksparteitages vom 14. M\u00e4rz 2011<\/li>\n<li>Bericht der Mandatspr\u00fcfungs- und Wahlkommission<\/li>\n<li><b>Referent:<br \/>\n<i>Dieter Sch\u00e4fer<\/i><\/b><br \/>\n&#8211; Bezirksvorsitzender ver.di &#8211;<\/p>\n<p><b>Thema:<br \/>\nAuswege aus der kommunalen Finanzkrise aus gewerkschaftlicher Sicht<\/b><\/li>\n<li>Aussprache<\/li>\n<li><b>Referent:<br \/>\n<i>Marc Herter MdL<\/i><\/b><br \/>\n&#8211; Parlamentarischer Gesch\u00e4ftsf\u00fchrer der SPD-Landtagsfraktion &#8211;<\/p>\n<p><b>Thema:<br \/>\nDer St\u00e4rkungspakt Stadtfinanzen &#8211; die Wiedergewinnung der kommunalen Handlungsf\u00e4higkeit<\/b><\/li>\n<li>Aussprache<\/li>\n<li>Beratung von Antr\u00e4gen<br \/>\na) Satzungs\u00e4ndernde Antr\u00e4ge<br \/>\nb) weitere Antr\u00e4ge<\/li>\n<li>Abschluss des Unterbezirksparteitages<\/li>\n<\/ol>\n<\/div>\n","protected":false},"excerpt":{"rendered":"<p>In einem Antrag f\u00fcr den Oberhausener SPD-Parteitag am kommenden Montag fordert der Unterbezirksvorstand einen nordrhein-westf\u00e4lischen St\u00e4rkungspakt Stadtfinanzen, dessen zentrales Ziel &#8222;die Wiedererlangung kommunaler Handlungsspielr\u00e4ume f\u00fcr unsere Stadt&#8220; ist. Die SPD-Landtagsfraktion&hellip; <\/p>\n","protected":false},"author":1,"featured_media":0,"comment_status":"closed","ping_status":"closed","sticky":false,"template":"","format":"standard","meta":{"footnotes":""},"categories":[1],"tags":[],"quellen":[],"class_list":["post-921","post","type-post","status-publish","format-standard","hentry","category-allgemein"],"_links":{"self":[{"href":"https:\/\/meier-gerdingh.de\/wp-spd-ob\/wp-json\/wp\/v2\/posts\/921","targetHints":{"allow":["GET"]}}],"collection":[{"href":"https:\/\/meier-gerdingh.de\/wp-spd-ob\/wp-json\/wp\/v2\/posts"}],"about":[{"href":"https:\/\/meier-gerdingh.de\/wp-spd-ob\/wp-json\/wp\/v2\/types\/post"}],"author":[{"embeddable":true,"href":"https:\/\/meier-gerdingh.de\/wp-spd-ob\/wp-json\/wp\/v2\/users\/1"}],"replies":[{"embeddable":true,"href":"https:\/\/meier-gerdingh.de\/wp-spd-ob\/wp-json\/wp\/v2\/comments?post=921"}],"version-history":[{"count":0,"href":"https:\/\/meier-gerdingh.de\/wp-spd-ob\/wp-json\/wp\/v2\/posts\/921\/revisions"}],"wp:attachment":[{"href":"https:\/\/meier-gerdingh.de\/wp-spd-ob\/wp-json\/wp\/v2\/media?parent=921"}],"wp:term":[{"taxonomy":"category","embeddable":true,"href":"https:\/\/meier-gerdingh.de\/wp-spd-ob\/wp-json\/wp\/v2\/categories?post=921"},{"taxonomy":"post_tag","embeddable":true,"href":"https:\/\/meier-gerdingh.de\/wp-spd-ob\/wp-json\/wp\/v2\/tags?post=921"},{"taxonomy":"quellen","embeddable":true,"href":"https:\/\/meier-gerdingh.de\/wp-spd-ob\/wp-json\/wp\/v2\/quellen?post=921"}],"curies":[{"name":"wp","href":"https:\/\/api.w.org\/{rel}","templated":true}]}}