{"id":922,"date":"2011-11-17T17:00:00","date_gmt":"2011-11-17T15:00:00","guid":{"rendered":"http:\/\/www.meier-gerdingh.de\/spd-oberhausen\/wp\/?p=922"},"modified":"2017-05-17T17:09:31","modified_gmt":"2017-05-17T15:09:31","slug":"rolle-des-verfassungsschutzes-aufklaeren","status":"publish","type":"post","link":"https:\/\/meier-gerdingh.de\/wp-spd-ob\/2011\/11\/17\/rolle-des-verfassungsschutzes-aufklaeren\/","title":{"rendered":"Rolle des Verfassungsschutzes aufkl\u00e4ren"},"content":{"rendered":"<div style=\"width: 150px\" class=\"wp-caption alignleft\"><a href=\"http:\/\/meier-gerdingh.de\/wp-spd-ob\/wp-content\/uploads\/zimkeit_stefan_09.jpg\"><img decoding=\"async\" class=\"size-full\" src=\"http:\/\/meier-gerdingh.de\/wp-spd-ob\/wp-content\/uploads\/zimkeit_stefan_09.jpg\" alt=\"Stefan Zimkeit ist Mitglied des Landtags von Nordrhein-Westfalen\" width=\"140\" height=\"169\" \/><\/a><p class=\"wp-caption-text\">Stefan Zimkeit ist Mitglied des Landtags von Nordrhein-Westfalen<\/p><\/div>\n<p>&#8222;Wir m\u00fcssen das Vertrauen in unseren Staat zur\u00fcckgewinnen&#8220;, sagte der Landtagsabgeordnete Stefan Zimkeit zu den Folgen des Rechtsterrors. Anl\u00e4sslich eines Besuchs von Gewerkschaftern im Landtag der wies er darauf hin, dass sich viele t\u00fcrkische Migranten auch in Dinslaken und Oberhausen &#8222;staatlicherseits im Stich gelassen&#8220; f\u00fchlen. &#8222;Die Familien der Opfer hatten nicht nur den Verlust eines Angeh\u00f6rigen zu beklagen, sie wurden in der \u00d6ffentlichkeit auch noch kriminalisiert&#8220;, sagte Zimkeit den Vertretern mehrerer Sterkrader und Dinslakener IGBCE-Ortsgruppen. Dies sei besch\u00e4mend.<!--more--><\/p>\n<p>Zimkeit forderte, die Rolle des Verfassungsschutzes aufzukl\u00e4ren und &#8222;generell den Einsatz von V-Leuten auf den Pr\u00fcfstand&#8220; zu stellen. Der Landtagsabgeordnete bef\u00fcrchtet, dass die Bezahlung der V-Leute der Finanzierung rechtsextremer Strukturen diene und nur wenig verwertbare Erkenntnisse bringe.<\/p>\n<p>Dass nun erneut diskutierte Verbot der NPD h\u00e4lt Stefan Zimkeit f\u00fcr richtig, verweist aber darauf, dass die SPD dies schon seit langen fordert. Auf die Eind\u00e4mmung des Rechtsterrorismus habe dies nur geringen Einfluss, so Zimkeit.<\/p>\n<p>Der SPD-Politiker, der dem Ausschuss f\u00fcr Familie und Jugend angeh\u00f6rt, setzt auf eine verst\u00e4rkte vorbeugende Arbeit mit Jugendlichen. &#8222;Die rot-gr\u00fcne Landesregierung hat die daf\u00fcr vorgesehenen Mittel im Landesjugendplan deutlich erh\u00f6ht. Dagegen hat der Bund die Gelder f\u00fcr Pr\u00e4ventionsprogramm schmerzlich reduziert&#8220;, wirft Zimkeit der Bundesregierung vor.<\/p>\n<p>Zur Bek\u00e4mpfung des rechten Terrors sei es notwendig, gegen diesen mit der gleichen Ernsthaftigkeit vorzugehen wie bei der Bek\u00e4mpfung islamistischer Terroristen. &#8222;Gerade in Deutschland d\u00fcrfen Ermittlungsbeh\u00f6rden nicht in Verdacht geraten, auf dem rechten Augen blind zu sein.&#8220;<\/p>\n","protected":false},"excerpt":{"rendered":"<p>&#8222;Wir m\u00fcssen das Vertrauen in unseren Staat zur\u00fcckgewinnen&#8220;, sagte der Landtagsabgeordnete Stefan Zimkeit zu den Folgen des Rechtsterrors. Anl\u00e4sslich eines Besuchs von Gewerkschaftern im Landtag der wies er darauf hin,&hellip; <\/p>\n","protected":false},"author":1,"featured_media":0,"comment_status":"closed","ping_status":"closed","sticky":false,"template":"","format":"standard","meta":{"footnotes":""},"categories":[1],"tags":[],"quellen":[],"class_list":["post-922","post","type-post","status-publish","format-standard","hentry","category-allgemein"],"_links":{"self":[{"href":"https:\/\/meier-gerdingh.de\/wp-spd-ob\/wp-json\/wp\/v2\/posts\/922","targetHints":{"allow":["GET"]}}],"collection":[{"href":"https:\/\/meier-gerdingh.de\/wp-spd-ob\/wp-json\/wp\/v2\/posts"}],"about":[{"href":"https:\/\/meier-gerdingh.de\/wp-spd-ob\/wp-json\/wp\/v2\/types\/post"}],"author":[{"embeddable":true,"href":"https:\/\/meier-gerdingh.de\/wp-spd-ob\/wp-json\/wp\/v2\/users\/1"}],"replies":[{"embeddable":true,"href":"https:\/\/meier-gerdingh.de\/wp-spd-ob\/wp-json\/wp\/v2\/comments?post=922"}],"version-history":[{"count":0,"href":"https:\/\/meier-gerdingh.de\/wp-spd-ob\/wp-json\/wp\/v2\/posts\/922\/revisions"}],"wp:attachment":[{"href":"https:\/\/meier-gerdingh.de\/wp-spd-ob\/wp-json\/wp\/v2\/media?parent=922"}],"wp:term":[{"taxonomy":"category","embeddable":true,"href":"https:\/\/meier-gerdingh.de\/wp-spd-ob\/wp-json\/wp\/v2\/categories?post=922"},{"taxonomy":"post_tag","embeddable":true,"href":"https:\/\/meier-gerdingh.de\/wp-spd-ob\/wp-json\/wp\/v2\/tags?post=922"},{"taxonomy":"quellen","embeddable":true,"href":"https:\/\/meier-gerdingh.de\/wp-spd-ob\/wp-json\/wp\/v2\/quellen?post=922"}],"curies":[{"name":"wp","href":"https:\/\/api.w.org\/{rel}","templated":true}]}}