{"id":923,"date":"2011-11-21T17:00:00","date_gmt":"2011-11-21T15:00:00","guid":{"rendered":"http:\/\/www.meier-gerdingh.de\/spd-oberhausen\/wp\/?p=923"},"modified":"2017-05-17T17:54:30","modified_gmt":"2017-05-17T15:54:30","slug":"europaabgeordneter-unterstuetzte-bundesweiten-vorlesetag","status":"publish","type":"post","link":"https:\/\/meier-gerdingh.de\/wp-spd-ob\/2011\/11\/21\/europaabgeordneter-unterstuetzte-bundesweiten-vorlesetag\/","title":{"rendered":"Europaabgeordneter unterst\u00fctzte bundesweiten Vorlesetag"},"content":{"rendered":"<div style=\"width: 210px\" class=\"wp-caption alignleft\"><a href=\"http:\/\/meier-gerdingh.de\/wp-spd-ob\/wp-content\/uploads\/jens_geier_vorlesetag_2.jpg\"><img decoding=\"async\" class=\"size-full\" src=\"http:\/\/meier-gerdingh.de\/wp-spd-ob\/wp-content\/uploads\/jens_geier_vorlesetag_2.jpg\" alt=\"Hatte eine Europafahne f\u00fcr die Kinder der Alsfeldschule mit im Gep\u00e4ck: Der Europaabgeordnete Jens Geier\" width=\"200\" height=\"133\" \/><\/a><p class=\"wp-caption-text\">Hatte eine Europafahne f\u00fcr die Kinder der Alsfeldschule mit im Gep\u00e4ck: Der Europaabgeordnete Jens Geier<\/p><\/div>\n<p>Mit dem Buch &#8222;Jim Knopf und Lukas der Lokomotivf\u00fchrer&#8220; besuchte der Europaabgeordnete Jens Geier am 8. bundesweiten Vorlesetag die Alsfeld- und die Concordiaschule in Oberhausen. Beide Schulen sind neue Teilnehmer am EU-Schulobstprogramm. Gespannt lauschten die Sch\u00fcler dem Kapitel, das Ihr Europaabgeordneter ihnen vorlas. Nat\u00fcrlich bekamen die Sch\u00fclerinnen und Sch\u00fcler ein Exemplar des Buches f\u00fcr ihre Schulbibliothek geschenkt, damit sie weiterlesen k\u00f6nnen.<!--more--><\/p>\n<p>Es ist wichtig, den Kindern fr\u00fch Spa\u00df am Lesen zu vermitteln, denn selber lesen oder vorgelesen zu bekommen ist ein wichtiger Baustein zur Vermittlung von Sprachkenntnissen. Leider ist in vielen Elternh\u00e4usern das Lesen aus einem echten Buch in Vergessenheit geraten. Das muss sich wieder \u00e4ndern. Ich hoffe, mit meinem Einsatz einen Teil dazu beigetragen zu haben, sagte Jens Geier.<\/p>\n<p><img decoding=\"async\" src=\"http:\/\/meier-gerdingh.de\/wp-spd-ob\/pictures\/jens_geier_vorlesetag_1.jpg\" width=\"368\" height=\"222\" border=\"0\" \/><\/p>\n<p>Im Gespr\u00e4ch mit den Schulleitern konnte Jens Geier erneut erfahren, welche positive Wirkung das EU-Schulobstprogramm hat: &#8222;Es ist leider keine Seltenheit, dass die Kinder morgens das Haus ohne ein Fr\u00fchst\u00fcck verlassen, vitaminreiche Kost ist ebenfalls oft Mangelware. Deshalb ist es wichtig, den Kindern t\u00e4glich eine Portion gesundes Obst und Gem\u00fcse aus der Region zukommen zu lassen. Zum einen, um den Bedarf des K\u00f6rpers an gesunder Nahrung zu decken, aber auch um die Kinder auf den Geschmack zu bringen.&#8220;<\/p>\n<p>An der Alsfeldschule konnte Jens Geier auch noch ein besonderes Geschenk \u00fcberreichen. Die Sch\u00fclerinnen und Sch\u00fclern hatten sich eine Europaflagge von Ihrem Abgeordneten gew\u00fcnscht. &#8222;Die Schule beherbergt Sch\u00fcler vieler Nationen. Ich freue mich, dass der europ\u00e4ische Gedanke hier so intensiv gelebt wird. Gerne habe ich eine Flagge mitgebracht, damit dieses auch optisch kenntlich gemacht werden kann&#8220;, so Jens Geier.<\/p>\n","protected":false},"excerpt":{"rendered":"<p>Mit dem Buch &#8222;Jim Knopf und Lukas der Lokomotivf\u00fchrer&#8220; besuchte der Europaabgeordnete Jens Geier am 8. bundesweiten Vorlesetag die Alsfeld- und die Concordiaschule in Oberhausen. Beide Schulen sind neue Teilnehmer&hellip; <\/p>\n","protected":false},"author":1,"featured_media":0,"comment_status":"closed","ping_status":"closed","sticky":false,"template":"","format":"standard","meta":{"footnotes":""},"categories":[1],"tags":[],"quellen":[],"class_list":["post-923","post","type-post","status-publish","format-standard","hentry","category-allgemein"],"_links":{"self":[{"href":"https:\/\/meier-gerdingh.de\/wp-spd-ob\/wp-json\/wp\/v2\/posts\/923","targetHints":{"allow":["GET"]}}],"collection":[{"href":"https:\/\/meier-gerdingh.de\/wp-spd-ob\/wp-json\/wp\/v2\/posts"}],"about":[{"href":"https:\/\/meier-gerdingh.de\/wp-spd-ob\/wp-json\/wp\/v2\/types\/post"}],"author":[{"embeddable":true,"href":"https:\/\/meier-gerdingh.de\/wp-spd-ob\/wp-json\/wp\/v2\/users\/1"}],"replies":[{"embeddable":true,"href":"https:\/\/meier-gerdingh.de\/wp-spd-ob\/wp-json\/wp\/v2\/comments?post=923"}],"version-history":[{"count":0,"href":"https:\/\/meier-gerdingh.de\/wp-spd-ob\/wp-json\/wp\/v2\/posts\/923\/revisions"}],"wp:attachment":[{"href":"https:\/\/meier-gerdingh.de\/wp-spd-ob\/wp-json\/wp\/v2\/media?parent=923"}],"wp:term":[{"taxonomy":"category","embeddable":true,"href":"https:\/\/meier-gerdingh.de\/wp-spd-ob\/wp-json\/wp\/v2\/categories?post=923"},{"taxonomy":"post_tag","embeddable":true,"href":"https:\/\/meier-gerdingh.de\/wp-spd-ob\/wp-json\/wp\/v2\/tags?post=923"},{"taxonomy":"quellen","embeddable":true,"href":"https:\/\/meier-gerdingh.de\/wp-spd-ob\/wp-json\/wp\/v2\/quellen?post=923"}],"curies":[{"name":"wp","href":"https:\/\/api.w.org\/{rel}","templated":true}]}}