{"id":9232,"date":"2022-08-23T21:22:01","date_gmt":"2022-08-23T19:22:01","guid":{"rendered":"https:\/\/meier-gerdingh.de\/wp-spd-ob\/?p=9232"},"modified":"2022-08-23T21:23:52","modified_gmt":"2022-08-23T19:23:52","slug":"einkaufswagen-sollen-aus-stadtbild-verschwinden","status":"publish","type":"post","link":"https:\/\/meier-gerdingh.de\/wp-spd-ob\/2022\/08\/23\/einkaufswagen-sollen-aus-stadtbild-verschwinden\/","title":{"rendered":"Einkaufswagen sollen aus Stadtbild verschwinden"},"content":{"rendered":"<div id=\"attachment_5396\" style=\"width: 190px\" class=\"wp-caption alignleft\"><a href=\"https:\/\/meier-gerdingh.de\/wp-spd-ob\/wp-content\/uploads\/2018\/07\/14_flore_manfred_1000.jpg\"><img aria-describedby=\"caption-attachment-5396\" decoding=\"async\" class=\"size-full wp-image-5396\" src=\"https:\/\/meier-gerdingh.de\/wp-spd-ob\/wp-content\/uploads\/2018\/07\/14_flore_manfred.jpg\" alt=\"\" width=\"180\" height=\"180\" srcset=\"https:\/\/meier-gerdingh.de\/wp-spd-ob\/wp-content\/uploads\/2018\/07\/14_flore_manfred.jpg 180w, https:\/\/meier-gerdingh.de\/wp-spd-ob\/wp-content\/uploads\/2018\/07\/14_flore_manfred-150x150.jpg 150w\" sizes=\"(max-width: 180px) 100vw, 180px\" \/><\/a><p id=\"caption-attachment-5396\" class=\"wp-caption-text\">Manfred Flore ist umweltpolitischer Sprecher der SPD-Ratsfraktion und B\u00fcrgermeister der Stadt Oberhausen<\/p><\/div>\n<p>Herrenlose Einkaufswagen, die willk\u00fcrlich im Stadtgebiet zur\u00fcckgelassen werden, sind ein fortw\u00e4hrendes \u00c4rgernis f\u00fcr viele B\u00fcrgerinnen und B\u00fcrger und konterkarieren die Bem\u00fchungen um eine Verbesserung der Stadtsauberkeit. &#8222;Ich werde immer wieder auf das Thema angesprochen. Die B\u00fcrgerinnen und B\u00fcrger k\u00f6nnen oft nicht nachvollziehen, dass sich in dieser Frage nichts tut. Viele haben den Eindruck, dass die Stadt kapituliert hat und herrenlose Einkaufswagen einfach so hingenommen werden&#8220;, erkl\u00e4rt der Umweltpolitische Sprecher der SPD-Fraktion, Manfred Flore. &#8222;Und damit wollen wir uns nicht zufriedengeben&#8220;, so der B\u00fcrgermeister.<!--more--><\/p>\n<p>Um sich einen \u00dcberblick \u00fcber die Situation zu verschaffen, hat Flore eine <a href=\"https:\/\/meier-gerdingh.de\/wp-spd-ob\/wp-content\/uploads\/2022\/08\/kleine-anfrage-manfred-flore-einkaufswagen.pdf\">Kleine Anfrage<\/a> an Oberb\u00fcrgermeister Schranz formuliert. &#8222;Wir wollen zun\u00e4chst einmal wissen, ob Stadt und Einzelhandel dieses Thema \u00fcberhaupt als ein gemeinsames erkannt haben und wenn ja, wie sie Abhilfe zu schaffen gedenken&#8220;, erkl\u00e4rt der Stadtverordnete.<\/p>\n<p>&#8222;Es gibt bereits technische L\u00f6sungsm\u00f6glichkeiten und es ist ja kein Problem, das wir aufgrund der Masse nicht bew\u00e4ltigen k\u00f6nnen&#8220;, so Flore. &#8222;Da erwarten wir eine umsetzbare L\u00f6sung, die wir m\u00f6glichst rasch in die Tat umsetzen k\u00f6nnen.&#8220;<\/p>\n<p>Fest steht f\u00fcr die Sozialdemokraten allerdings auch: Auf die Stadt d\u00fcrfen keine Kosten zukommen. &#8222;Eigentlich m\u00fcssten die Eigent\u00fcmer ja auch daran interessiert sein, die Wagen zur\u00fcckzubekommen&#8220;, mutma\u00dft Flore.<\/p>\n","protected":false},"excerpt":{"rendered":"<p>Herrenlose Einkaufswagen, die willk\u00fcrlich im Stadtgebiet zur\u00fcckgelassen werden, sind ein fortw\u00e4hrendes \u00c4rgernis f\u00fcr viele B\u00fcrgerinnen und B\u00fcrger und konterkarieren die Bem\u00fchungen um eine Verbesserung der Stadtsauberkeit. &#8222;Ich werde immer wieder&hellip; <\/p>\n","protected":false},"author":1,"featured_media":0,"comment_status":"closed","ping_status":"closed","sticky":false,"template":"","format":"standard","meta":{"footnotes":""},"categories":[29],"tags":[3248,135,114,3202],"quellen":[326],"class_list":["post-9232","post","type-post","status-publish","format-standard","hentry","category-umwelt","tag-einkaufswagen","tag-kleine-anfrage","tag-sauberkeit","tag-stadtsauberkeit","quellen-spd-fraktion-oberhausen"],"_links":{"self":[{"href":"https:\/\/meier-gerdingh.de\/wp-spd-ob\/wp-json\/wp\/v2\/posts\/9232","targetHints":{"allow":["GET"]}}],"collection":[{"href":"https:\/\/meier-gerdingh.de\/wp-spd-ob\/wp-json\/wp\/v2\/posts"}],"about":[{"href":"https:\/\/meier-gerdingh.de\/wp-spd-ob\/wp-json\/wp\/v2\/types\/post"}],"author":[{"embeddable":true,"href":"https:\/\/meier-gerdingh.de\/wp-spd-ob\/wp-json\/wp\/v2\/users\/1"}],"replies":[{"embeddable":true,"href":"https:\/\/meier-gerdingh.de\/wp-spd-ob\/wp-json\/wp\/v2\/comments?post=9232"}],"version-history":[{"count":0,"href":"https:\/\/meier-gerdingh.de\/wp-spd-ob\/wp-json\/wp\/v2\/posts\/9232\/revisions"}],"wp:attachment":[{"href":"https:\/\/meier-gerdingh.de\/wp-spd-ob\/wp-json\/wp\/v2\/media?parent=9232"}],"wp:term":[{"taxonomy":"category","embeddable":true,"href":"https:\/\/meier-gerdingh.de\/wp-spd-ob\/wp-json\/wp\/v2\/categories?post=9232"},{"taxonomy":"post_tag","embeddable":true,"href":"https:\/\/meier-gerdingh.de\/wp-spd-ob\/wp-json\/wp\/v2\/tags?post=9232"},{"taxonomy":"quellen","embeddable":true,"href":"https:\/\/meier-gerdingh.de\/wp-spd-ob\/wp-json\/wp\/v2\/quellen?post=9232"}],"curies":[{"name":"wp","href":"https:\/\/api.w.org\/{rel}","templated":true}]}}