{"id":924,"date":"2011-11-29T17:00:00","date_gmt":"2011-11-29T15:00:00","guid":{"rendered":"http:\/\/www.meier-gerdingh.de\/spd-oberhausen\/wp\/?p=924"},"modified":"2017-05-17T18:00:54","modified_gmt":"2017-05-17T16:00:54","slug":"wolfgang-grosse-broemer-als-vorsitzender-bestaetigt","status":"publish","type":"post","link":"https:\/\/meier-gerdingh.de\/wp-spd-ob\/2011\/11\/29\/wolfgang-grosse-broemer-als-vorsitzender-bestaetigt\/","title":{"rendered":"Wolfgang Gro\u00dfe Br\u00f6mer als Vorsitzender best\u00e4tigt"},"content":{"rendered":"<div style=\"width: 150px\" class=\"wp-caption alignleft\"><a href=\"http:\/\/meier-gerdingh.de\/wp-spd-ob\/wp-content\/uploads\/grosse_broemer_wolfgang_09.jpg\"><img decoding=\"async\" class=\"size-full\" src=\"http:\/\/meier-gerdingh.de\/wp-spd-ob\/wp-content\/uploads\/grosse_broemer_wolfgang_09.jpg\" alt=\"Steht seit knapp 10 Jahren an der Spitze der SPD-Fraktion: Wolfgang Gro\u00dfe Br\u00f6mer\" width=\"140\" height=\"169\" \/><\/a><p class=\"wp-caption-text\">Steht seit knapp 10 Jahren an der Spitze der SPD-Fraktion: Wolfgang Gro\u00dfe Br\u00f6mer<\/p><\/div>\n<p>Wolfgang Gro\u00dfe Br\u00f6mer bleibt Chef der SPD-Ratsfraktion. Bei der turnusgem\u00e4\u00dfen Neuwahl des Fraktionsvorstandes zur Halbzeit der laufenden Wahlperiode wurde er am Montagabend mit gro\u00dfer Mehrheit in seinem Amt best\u00e4tigt. Gro\u00dfe Br\u00f6mer steht nun seit knapp zehn Jahren an der Spitze der Oberhausener SPD-Fraktion. \u00dcber gute Stimmenergebnisse konnten sich auch Anne Jan\u00dfen, Vorsitzende des st\u00e4dtischen Umweltausschusses, und Karl-Heinz Emmerich, planungspolitischer Sprecher der SPD, freuen. Sie wurden erneut zu stellvertretenden Fraktionsvorsitzenden gew\u00e4hlt.<!--more--><\/p>\n<p>Die neue Fraktionsf\u00fchrung wird komplettiert durch Beatriks Brands, Angelika J\u00e4ntsch, Klaus K\u00f6sling, Kirsten Oberste-Kleinbeck und Horst Wolter, die dem Vorstand wieder als Beisitzerinnen bzw. Beisitzer angeh\u00f6ren. Erstmals zum Beisitzer gew\u00e4hlt wurde der sportpolitische Sprecher der Fraktion Ren\u00e9 Pascheberg, mit gerade 25 Jahren nicht nur das j\u00fcngste SPD-Ratsmitglied, sondern auch ein vielversprechendes kommunalpolitisches Nachwuchstalent.<\/p>\n<p>Die SPD-Fraktion im Rat der Stadt Oberhausen bestimmt jeweils zu Beginn und zur Mitte einer Wahlperiode ihre Fraktionsspitze neu. Stimmberechtigte Mitglieder des Vorstandes sind der Vorsitzende, seine Stellvertreterin und sein Stellvertreter sowie sechs Beisitzerinnen und Beisitzer. Der Frauenanteil im Fraktionsvorstand betr\u00e4gt zur Zeit 44%.<\/p>\n","protected":false},"excerpt":{"rendered":"<p>Wolfgang Gro\u00dfe Br\u00f6mer bleibt Chef der SPD-Ratsfraktion. Bei der turnusgem\u00e4\u00dfen Neuwahl des Fraktionsvorstandes zur Halbzeit der laufenden Wahlperiode wurde er am Montagabend mit gro\u00dfer Mehrheit in seinem Amt best\u00e4tigt. Gro\u00dfe&hellip; <\/p>\n","protected":false},"author":1,"featured_media":0,"comment_status":"closed","ping_status":"closed","sticky":false,"template":"","format":"standard","meta":{"footnotes":""},"categories":[1],"tags":[],"quellen":[],"class_list":["post-924","post","type-post","status-publish","format-standard","hentry","category-allgemein"],"_links":{"self":[{"href":"https:\/\/meier-gerdingh.de\/wp-spd-ob\/wp-json\/wp\/v2\/posts\/924","targetHints":{"allow":["GET"]}}],"collection":[{"href":"https:\/\/meier-gerdingh.de\/wp-spd-ob\/wp-json\/wp\/v2\/posts"}],"about":[{"href":"https:\/\/meier-gerdingh.de\/wp-spd-ob\/wp-json\/wp\/v2\/types\/post"}],"author":[{"embeddable":true,"href":"https:\/\/meier-gerdingh.de\/wp-spd-ob\/wp-json\/wp\/v2\/users\/1"}],"replies":[{"embeddable":true,"href":"https:\/\/meier-gerdingh.de\/wp-spd-ob\/wp-json\/wp\/v2\/comments?post=924"}],"version-history":[{"count":0,"href":"https:\/\/meier-gerdingh.de\/wp-spd-ob\/wp-json\/wp\/v2\/posts\/924\/revisions"}],"wp:attachment":[{"href":"https:\/\/meier-gerdingh.de\/wp-spd-ob\/wp-json\/wp\/v2\/media?parent=924"}],"wp:term":[{"taxonomy":"category","embeddable":true,"href":"https:\/\/meier-gerdingh.de\/wp-spd-ob\/wp-json\/wp\/v2\/categories?post=924"},{"taxonomy":"post_tag","embeddable":true,"href":"https:\/\/meier-gerdingh.de\/wp-spd-ob\/wp-json\/wp\/v2\/tags?post=924"},{"taxonomy":"quellen","embeddable":true,"href":"https:\/\/meier-gerdingh.de\/wp-spd-ob\/wp-json\/wp\/v2\/quellen?post=924"}],"curies":[{"name":"wp","href":"https:\/\/api.w.org\/{rel}","templated":true}]}}