{"id":9253,"date":"2022-09-12T07:49:12","date_gmt":"2022-09-12T05:49:12","guid":{"rendered":"https:\/\/meier-gerdingh.de\/wp-spd-ob\/?p=9253"},"modified":"2023-03-08T18:41:52","modified_gmt":"2023-03-08T17:41:52","slug":"spd-stadtverordnete-laden-zum-stadtteilgespraech-alstaden","status":"publish","type":"post","link":"https:\/\/meier-gerdingh.de\/wp-spd-ob\/2022\/09\/12\/spd-stadtverordnete-laden-zum-stadtteilgespraech-alstaden\/","title":{"rendered":"SPD-Stadtverordnete laden zum Stadtteilgespr\u00e4ch Alstaden"},"content":{"rendered":"<p><a href=\"https:\/\/meier-gerdingh.de\/wp-spd-ob\/wp-content\/uploads\/2022\/09\/ov-west-stadtteilgespraech-alstaden-22-09-23-lg.jpg\"><img decoding=\"async\" class=\"aligncenter size-full wp-image-9251\" src=\"https:\/\/meier-gerdingh.de\/wp-spd-ob\/wp-content\/uploads\/2022\/09\/ov-west-stadtteilgespraech-alstaden-22-09-23.jpg\" alt=\"\" width=\"700\" height=\"700\" srcset=\"https:\/\/meier-gerdingh.de\/wp-spd-ob\/wp-content\/uploads\/2022\/09\/ov-west-stadtteilgespraech-alstaden-22-09-23.jpg 700w, https:\/\/meier-gerdingh.de\/wp-spd-ob\/wp-content\/uploads\/2022\/09\/ov-west-stadtteilgespraech-alstaden-22-09-23-300x300.jpg 300w, https:\/\/meier-gerdingh.de\/wp-spd-ob\/wp-content\/uploads\/2022\/09\/ov-west-stadtteilgespraech-alstaden-22-09-23-150x150.jpg 150w, https:\/\/meier-gerdingh.de\/wp-spd-ob\/wp-content\/uploads\/2022\/09\/ov-west-stadtteilgespraech-alstaden-22-09-23-330x330.jpg 330w\" sizes=\"(max-width: 700px) 100vw, 700px\" \/><\/a>Gemeinsam mit dem SPD-Ortsverein Oberhausen-West laden die drei SPD-Stadtverordneten f\u00fcr Alstaden am <strong>Freitag, 23. September 2022<\/strong>, zum Stadtteilgespr\u00e4ch. Alle interessierten B\u00fcrgerinnen und B\u00fcrger sind hierzu herzlich eingeladen. <strong>Ab 18.00 Uhr<\/strong> berichten <strong>Denise Horn, Dagmar Heitmann und Dietmar Look<\/strong> von ihrer kommunalpolitischen Arbeit und freuen sich dar\u00fcber hinaus auf die Themen, Anliegen und Anregungen der Alstadener B\u00fcrgerinnen und B\u00fcrger. Auch die Mitglieder der Bezirksvertretung Alt-Oberhausen werden vor Ort f\u00fcr Fragen und Gespr\u00e4che zur Verf\u00fcgung stehen.<!--more--><\/p>\n<p>Veranstaltungsort ist der <strong>B\u00fcrgertreff Ruhrpott, Hauerweg 16a, 46049 Oberhausen<\/strong>. Die Teilnahme ist selbstverst\u00e4ndlich kostenlos, eine vorherige Anmeldung ist nicht erforderlich.<\/p>\n","protected":false},"excerpt":{"rendered":"<p>Gemeinsam mit dem SPD-Ortsverein Oberhausen-West laden die drei SPD-Stadtverordneten f\u00fcr Alstaden am Freitag, 23. September 2022, zum Stadtteilgespr\u00e4ch. Alle interessierten B\u00fcrgerinnen und B\u00fcrger sind hierzu herzlich eingeladen. Ab 18.00 Uhr&hellip; <\/p>\n","protected":false},"author":1,"featured_media":0,"comment_status":"closed","ping_status":"closed","sticky":false,"template":"","format":"standard","meta":{"footnotes":""},"categories":[167,171],"tags":[134,1352,184],"quellen":[335],"class_list":["post-9253","post","type-post","status-publish","format-standard","hentry","category-stadtteile","category-veranstaltungen","tag-alstaden","tag-stadtteilgespraech-alstaden","tag-stadtteilgespraeche","quellen-ov-west"],"_links":{"self":[{"href":"https:\/\/meier-gerdingh.de\/wp-spd-ob\/wp-json\/wp\/v2\/posts\/9253","targetHints":{"allow":["GET"]}}],"collection":[{"href":"https:\/\/meier-gerdingh.de\/wp-spd-ob\/wp-json\/wp\/v2\/posts"}],"about":[{"href":"https:\/\/meier-gerdingh.de\/wp-spd-ob\/wp-json\/wp\/v2\/types\/post"}],"author":[{"embeddable":true,"href":"https:\/\/meier-gerdingh.de\/wp-spd-ob\/wp-json\/wp\/v2\/users\/1"}],"replies":[{"embeddable":true,"href":"https:\/\/meier-gerdingh.de\/wp-spd-ob\/wp-json\/wp\/v2\/comments?post=9253"}],"version-history":[{"count":0,"href":"https:\/\/meier-gerdingh.de\/wp-spd-ob\/wp-json\/wp\/v2\/posts\/9253\/revisions"}],"wp:attachment":[{"href":"https:\/\/meier-gerdingh.de\/wp-spd-ob\/wp-json\/wp\/v2\/media?parent=9253"}],"wp:term":[{"taxonomy":"category","embeddable":true,"href":"https:\/\/meier-gerdingh.de\/wp-spd-ob\/wp-json\/wp\/v2\/categories?post=9253"},{"taxonomy":"post_tag","embeddable":true,"href":"https:\/\/meier-gerdingh.de\/wp-spd-ob\/wp-json\/wp\/v2\/tags?post=9253"},{"taxonomy":"quellen","embeddable":true,"href":"https:\/\/meier-gerdingh.de\/wp-spd-ob\/wp-json\/wp\/v2\/quellen?post=9253"}],"curies":[{"name":"wp","href":"https:\/\/api.w.org\/{rel}","templated":true}]}}