{"id":9263,"date":"2022-09-13T11:13:36","date_gmt":"2022-09-13T09:13:36","guid":{"rendered":"https:\/\/meier-gerdingh.de\/wp-spd-ob\/?p=9263"},"modified":"2022-09-14T11:19:07","modified_gmt":"2022-09-14T09:19:07","slug":"spd-will-eine-ausbildungsfirma-fuer-die-stadt","status":"publish","type":"post","link":"https:\/\/meier-gerdingh.de\/wp-spd-ob\/2022\/09\/13\/spd-will-eine-ausbildungsfirma-fuer-die-stadt\/","title":{"rendered":"SPD will eine Ausbildungsfirma f\u00fcr die Stadt"},"content":{"rendered":"<div id=\"attachment_9261\" style=\"width: 190px\" class=\"wp-caption alignleft\"><a href=\"https:\/\/meier-gerdingh.de\/wp-spd-ob\/wp-content\/uploads\/2022\/09\/prohl-manuel-lg.jpg\"><img aria-describedby=\"caption-attachment-9261\" decoding=\"async\" class=\"size-full wp-image-9261\" src=\"https:\/\/meier-gerdingh.de\/wp-spd-ob\/wp-content\/uploads\/2022\/09\/prohl-manuel.jpg\" alt=\"\" width=\"180\" height=\"180\" srcset=\"https:\/\/meier-gerdingh.de\/wp-spd-ob\/wp-content\/uploads\/2022\/09\/prohl-manuel.jpg 180w, https:\/\/meier-gerdingh.de\/wp-spd-ob\/wp-content\/uploads\/2022\/09\/prohl-manuel-150x150.jpg 150w\" sizes=\"(max-width: 180px) 100vw, 180px\" \/><\/a><p id=\"caption-attachment-9261\" class=\"wp-caption-text\">Manuel Prohl ist finanzpolitischer Sprecher der SPD-Fraktion<\/p><\/div>\n<p>Die SPD im Rat m\u00f6chte die Stadtverwaltung die Einrichtung einer kommunalen Ausbildungsfirma pr\u00fcfen lassen, um auf den prognostizierten Personalbedarf mit mehr Auszubildenden reagieren zu k\u00f6nnen.<\/p>\n<p>Vor dem Hintergrund des sich immer st\u00e4rker abzeichnenden Personalproblems der Verwaltung hatten sich die Fachpolitikerinnen und -politiker der Fraktion seit geraumer Zeit mit m\u00f6glichen L\u00f6sungsans\u00e4tzen befasst. Ein Besuch im &#8222;InOffice&#8220;, der kommunalen &#8222;Ausbildungsfirma&#8220; der Stadt Essen, hat die Sozialdemokraten darin best\u00e4rkt, der Verwaltung mit solch einer Einrichtung ein sinnvolles Instrument an die Hand zu geben.<!--more--><\/p>\n<p>&#8222;Nat\u00fcrlich hat unsere Verwaltung im Ballungsraum Ruhrgebiet harte Konkurrenz beim Werben um junge Leute, nicht nur von anderen Stadtverwaltungen&#8220;, erkl\u00e4rt Manuel Prohl, finanzpolitischer Sprecher der SPD-Fraktion.<\/p>\n<p>&#8222;Das Modell einer &#8218;Ausbildungsfirma&#8216;, die nat\u00fcrlich Teil der Verwaltung ist, erlaubt es, mit relativ wenigen Ausbildern viele Auszubildende zu schulen. Das sehr selbstst\u00e4ndige Arbeiten tr\u00e4gt zudem zur St\u00e4rkung sozialer Kompetenzen bei&#8220;, fasst Prohl zusammen. So werden im Essener &#8222;InOffice&#8220; zu 100 Prozent Realaufgaben von 30 Auszubildenden \u00fcbernommen, ihnen stehen drei Ausbilder zur Seite.<\/p>\n<p>Dass dieser Ansatz vielversprechend ist, zeigt sich daran, dass er bereits von anderen Kommunen \u00fcbernommen worden ist, im Ruhrgebiet etwa von Dortmund und Gelsenkirchen. &#8222;Oberhausen sollte das Potenzial, die Zahl an qualitativ hochwertigen Ausbildungspl\u00e4tzen steigern zu k\u00f6nnen, erkennen und auch nutzen&#8220;, erkl\u00e4rt Prohl abschlie\u00dfend.<\/p>\n<p>Im Haupt- und Finanzausschuss am kommenden Montag wird der Antrag der SPD erstmals beraten.<\/p>\n","protected":false},"excerpt":{"rendered":"<p>Die SPD im Rat m\u00f6chte die Stadtverwaltung die Einrichtung einer kommunalen Ausbildungsfirma pr\u00fcfen lassen, um auf den prognostizierten Personalbedarf mit mehr Auszubildenden reagieren zu k\u00f6nnen. Vor dem Hintergrund des sich&hellip; <\/p>\n","protected":false},"author":1,"featured_media":0,"comment_status":"closed","ping_status":"closed","sticky":false,"template":"","format":"standard","meta":{"footnotes":""},"categories":[896],"tags":[3270,760,3269,763,1780,3234],"quellen":[326],"class_list":["post-9263","post","type-post","status-publish","format-standard","hentry","category-stadtverwaltung","tag-inoffice-essen","tag-ausbildung","tag-ausbildungsfirma","tag-ausbildungsplaetze","tag-auszubildende","tag-auszubildendenmangel","quellen-spd-fraktion-oberhausen"],"_links":{"self":[{"href":"https:\/\/meier-gerdingh.de\/wp-spd-ob\/wp-json\/wp\/v2\/posts\/9263","targetHints":{"allow":["GET"]}}],"collection":[{"href":"https:\/\/meier-gerdingh.de\/wp-spd-ob\/wp-json\/wp\/v2\/posts"}],"about":[{"href":"https:\/\/meier-gerdingh.de\/wp-spd-ob\/wp-json\/wp\/v2\/types\/post"}],"author":[{"embeddable":true,"href":"https:\/\/meier-gerdingh.de\/wp-spd-ob\/wp-json\/wp\/v2\/users\/1"}],"replies":[{"embeddable":true,"href":"https:\/\/meier-gerdingh.de\/wp-spd-ob\/wp-json\/wp\/v2\/comments?post=9263"}],"version-history":[{"count":0,"href":"https:\/\/meier-gerdingh.de\/wp-spd-ob\/wp-json\/wp\/v2\/posts\/9263\/revisions"}],"wp:attachment":[{"href":"https:\/\/meier-gerdingh.de\/wp-spd-ob\/wp-json\/wp\/v2\/media?parent=9263"}],"wp:term":[{"taxonomy":"category","embeddable":true,"href":"https:\/\/meier-gerdingh.de\/wp-spd-ob\/wp-json\/wp\/v2\/categories?post=9263"},{"taxonomy":"post_tag","embeddable":true,"href":"https:\/\/meier-gerdingh.de\/wp-spd-ob\/wp-json\/wp\/v2\/tags?post=9263"},{"taxonomy":"quellen","embeddable":true,"href":"https:\/\/meier-gerdingh.de\/wp-spd-ob\/wp-json\/wp\/v2\/quellen?post=9263"}],"curies":[{"name":"wp","href":"https:\/\/api.w.org\/{rel}","templated":true}]}}