{"id":927,"date":"2011-12-05T17:00:00","date_gmt":"2011-12-05T15:00:00","guid":{"rendered":"http:\/\/www.meier-gerdingh.de\/spd-oberhausen\/wp\/?p=927"},"modified":"2017-05-17T17:55:25","modified_gmt":"2017-05-17T15:55:25","slug":"michael-groschek-wieder-in-den-parteivorstand-gewaehlt","status":"publish","type":"post","link":"https:\/\/meier-gerdingh.de\/wp-spd-ob\/2011\/12\/05\/michael-groschek-wieder-in-den-parteivorstand-gewaehlt\/","title":{"rendered":"Michael Groschek wieder in den Parteivorstand gew\u00e4hlt"},"content":{"rendered":"<div style=\"width: 210px\" class=\"wp-caption alignleft\"><a href=\"http:\/\/meier-gerdingh.de\/wp-spd-ob\/wp-content\/uploads\/groschek_bundesparteitag_11.jpg\"><img decoding=\"async\" class=\"size-full\" src=\"http:\/\/meier-gerdingh.de\/wp-spd-ob\/wp-content\/uploads\/groschek_bundesparteitag_11.jpg\" alt=\"Im ersten Wahlgang wieder in den Parteivorstand gew\u00e4hlt: Der Oberhausener Bundestagsabgeordnete und Generalsekret\u00e4r der NRWSPD Michael Groschek\" width=\"200\" height=\"145\" \/><\/a><p class=\"wp-caption-text\">Im ersten Wahlgang wieder in den Parteivorstand gew\u00e4hlt: Der Oberhausener Bundestagsabgeordnete und Generalsekret\u00e4r der NRWSPD Michael Groschek<\/p><\/div>\n<p>Auf dem ordentlichen Bundesparteitag der SPD in Berlin ist der Bundestagsabgeordnete aus Oberhausen \/ Dinslaken als Mitglied des Bundes-Parteivorstandes best\u00e4tigt worden. Michael Groschek ist direkt im ersten Wahlgang in das h\u00f6chste beschlussf\u00e4hige Gremium der SPD zwischen den Bundesparteitagen gew\u00e4hlt worden. Im SPD-Parteivorstand m\u00f6chte Groschek den auf dem Bundesparteitag begonnen Reformprozess der SPD weiterhin begleiten.<!--more--><\/p>\n<p>Mit der Organisationsdebatte hat die Sozialdemokratie wieder einen Status erhalten, der auf &amp;039;Basis statt Basta&amp;039; setzt. F\u00fcr mich ist das Vorantreiben des Reformprozesses zu mehr Mitgliederbeteiligung eine der wichtigsten Aufgaben der Partei, so Groschek.<\/p>\n<p>Der Bundesparteitag der SPD tagt vom 04. bis zum 06. Dezember in Berlin. Mit 523 Delegierten und 102 beratenden Delegierten ist er das oberstes Beschlussgremium. Zwei Jahre nach dem Dresdner Parteitag und zwei Jahre vor der n\u00e4chsten Bundestagswahl stellt die SPD entscheidende Weichen f\u00fcr ihre Politik. Wichtige Antr\u00e4ge stehen auf der Tagesordnung, unter anderem zu Europa, Steuern, Arbeit und Gesundheit.<\/p>\n","protected":false},"excerpt":{"rendered":"<p>Auf dem ordentlichen Bundesparteitag der SPD in Berlin ist der Bundestagsabgeordnete aus Oberhausen \/ Dinslaken als Mitglied des Bundes-Parteivorstandes best\u00e4tigt worden. Michael Groschek ist direkt im ersten Wahlgang in das&hellip; <\/p>\n","protected":false},"author":1,"featured_media":0,"comment_status":"closed","ping_status":"closed","sticky":false,"template":"","format":"standard","meta":{"footnotes":""},"categories":[1],"tags":[],"quellen":[],"class_list":["post-927","post","type-post","status-publish","format-standard","hentry","category-allgemein"],"_links":{"self":[{"href":"https:\/\/meier-gerdingh.de\/wp-spd-ob\/wp-json\/wp\/v2\/posts\/927","targetHints":{"allow":["GET"]}}],"collection":[{"href":"https:\/\/meier-gerdingh.de\/wp-spd-ob\/wp-json\/wp\/v2\/posts"}],"about":[{"href":"https:\/\/meier-gerdingh.de\/wp-spd-ob\/wp-json\/wp\/v2\/types\/post"}],"author":[{"embeddable":true,"href":"https:\/\/meier-gerdingh.de\/wp-spd-ob\/wp-json\/wp\/v2\/users\/1"}],"replies":[{"embeddable":true,"href":"https:\/\/meier-gerdingh.de\/wp-spd-ob\/wp-json\/wp\/v2\/comments?post=927"}],"version-history":[{"count":0,"href":"https:\/\/meier-gerdingh.de\/wp-spd-ob\/wp-json\/wp\/v2\/posts\/927\/revisions"}],"wp:attachment":[{"href":"https:\/\/meier-gerdingh.de\/wp-spd-ob\/wp-json\/wp\/v2\/media?parent=927"}],"wp:term":[{"taxonomy":"category","embeddable":true,"href":"https:\/\/meier-gerdingh.de\/wp-spd-ob\/wp-json\/wp\/v2\/categories?post=927"},{"taxonomy":"post_tag","embeddable":true,"href":"https:\/\/meier-gerdingh.de\/wp-spd-ob\/wp-json\/wp\/v2\/tags?post=927"},{"taxonomy":"quellen","embeddable":true,"href":"https:\/\/meier-gerdingh.de\/wp-spd-ob\/wp-json\/wp\/v2\/quellen?post=927"}],"curies":[{"name":"wp","href":"https:\/\/api.w.org\/{rel}","templated":true}]}}