{"id":930,"date":"2011-12-11T17:00:00","date_gmt":"2011-12-11T15:00:00","guid":{"rendered":"http:\/\/www.meier-gerdingh.de\/spd-oberhausen\/wp\/?p=930"},"modified":"2017-05-17T17:54:54","modified_gmt":"2017-05-17T15:54:54","slug":"franz-muentefering-in-oberhausen","status":"publish","type":"post","link":"https:\/\/meier-gerdingh.de\/wp-spd-ob\/2011\/12\/11\/franz-muentefering-in-oberhausen\/","title":{"rendered":"Franz M\u00fcntefering in Oberhausen"},"content":{"rendered":"<div style=\"width: 150px\" class=\"wp-caption alignleft\"><a href=\"http:\/\/meier-gerdingh.de\/wp-spd-ob\/wp-content\/uploads\/muentefering_franz_2009.jpg\"><img decoding=\"async\" class=\"size-full\" src=\"http:\/\/meier-gerdingh.de\/wp-spd-ob\/wp-content\/uploads\/muentefering_franz_2009.jpg\" alt=\"Diskutiert in Oberhausen \u00fcber den demographischen Wandel: Franz M\u00fcntefering\" width=\"140\" height=\"188\" \/><\/a><p class=\"wp-caption-text\">Diskutiert in Oberhausen \u00fcber den demographischen Wandel: Franz M\u00fcntefering<\/p><\/div>\n<p>Am <b>Montag, dem 19. Dezember 2011, ab 18.00 Uhr<\/b>, laden Michael Groschek und Franz M\u00fcntefering dazu ein, die Herausforderungen und Chancen des demografischen Wandels f\u00fcr unsere St\u00e4dte und Gemeinden zu diskutieren. Im <b>Malersaal des Theaters Oberhausen<\/b> werden die Bereichsleiterin f\u00fcr Statistik im Dezernat Familie, Bildung, Soziales der Stadt Oberhausen Ulrike Sch\u00f6nfeld-Nastoll, der Gesch\u00e4ftsf\u00fchrer des AWO-Kreisverbandes Oberhausen e.V. und des Zentrums f\u00fcr Ausbildung und berufliche Qualifikation Oberhausen e.V. Jochen Kamps und der Stadtk\u00e4mmerer der Stadt Oberhausen und Sprecher des Arbeitskreises Migration und Integration der NRWSPD Apostolos Tsalastras zu den Podiumsg\u00e4sten z\u00e4hlen. Die Diskussion wird der NRZ-Journalist Gustav Wentz moderieren.<!--more--><\/p>\n<p>Der demografische Wandel pr\u00e4gt die Zukunft unserer Gesellschaft: Wir leben l\u00e4nger als fr\u00fchere Generationen. Wir bekommen weniger Kinder als unsere Eltern und Gro\u00dfeltern. In unserer Gesellschaft leben immer mehr Menschen unterschiedlicher Herkunft zusammen. F\u00fcr die Stadt Oberhausen wird prognostiziert, dass die Einwohnerzahl bis 2025 um rund 9,5 Prozent zur\u00fcckgeht. Gleichzeitig steigt die Anzahl der \u00fcber 80-j\u00e4hrigen \u00fcberproportional an.<\/p>\n<p>H\u00e4ufig wird der demografische Wandel vor allem mit Problemen und Risiken in Verbindung gebracht &#8211; f\u00fcr die Finanzierung und Leistungsf\u00e4higkeit unserer umlagefinanzierten sozialen Sicherungssysteme, f\u00fcr Gesundheit und Pflege, f\u00fcr die Zukunft strukturschwacher Regionen usw. Unsere St\u00e4dte und Gemeinden m\u00fcssen daher im Stande sein, den Wandel zu gestalten. Jede Kommune ist aber einzigartig. Daher werden sie sehr unterschiedlich vom demografischen Wandel erreicht. Aber wo stehen unsere St\u00e4dte und Gemeinden im Zeiten des demografischen Wandels? Und wo steht Oberhausen?<\/p>\n<p>Mit der Veranstaltungsreihe &#8222;Fraktion vor Ort&#8220; wollen wir mit den B\u00fcrgerinnen und B\u00fcrgern vor Ort die Entwicklungen und Herausforderungen des demografischen Wandels diskutieren. Aber nicht als Gefahr, sondern als Chance. Die Weichen m\u00fcssen jetzt gestellt werden!<\/p>\n<p>Anmelden kann sich jeder interessierte B\u00fcrger auf der Homepage von Michael Groschek unter <b><a class=\"normal\" href=\"http:\/\/www.michael-groschek.de\/akreditierung\/1219\/605\/index.html\" target=\"_blank\" rel=\"noopener noreferrer\">www.michael-groschek.de<\/a><\/b>, per E-Mail unter <b><a class=\"normal\" href=\"mailto:michael.groschek@bundestag.de\">michael.groschek@bundestag.de<\/a><\/b> oder per Fax unter 030 &#8211; 227-76854.<\/p>\n<p>Schon vorab besteht die M\u00f6glichkeit auf der <b><a class=\"normal\" href=\"http:\/\/www.facebook.com\/michael.groschek\" target=\"_blank\" rel=\"noopener noreferrer\">Facebook<\/a><\/b>-Seite von Michael Groschek mit dem Abgeordneten und den anderen Usern zu diskutieren. Au\u00dferdem k\u00f6nnen auf der <b><a class=\"normal\" href=\"http:\/\/www.michael-groschek.de\" target=\"_blank\" rel=\"noopener noreferrer\">Website<\/a><\/b> des Oberhausener Bundestagsabgeordneten Fragen an die einzelnen Podiumsteilnehmer gestellt werden. Eine Auswahl der Beitr\u00e4ge und Fragen wird f\u00fcr die Diskussion am 19.\u00a0Dezember erneut aufgegriffen.<\/p>\n<p>Hier k\u00f6nnen Sie die Einladung als pdf-Dokument herunterladen:<\/p>\n<p><b><a class=\"normal\" href=\"http:\/\/meier-gerdingh.de\/wp-spd-ob\/pdf\/einladung_19_12_2011.pdf\" target=\"_blank\" rel=\"noopener noreferrer\">Download der Einladung<\/a><\/b><\/p>\n","protected":false},"excerpt":{"rendered":"<p>Am Montag, dem 19. Dezember 2011, ab 18.00 Uhr, laden Michael Groschek und Franz M\u00fcntefering dazu ein, die Herausforderungen und Chancen des demografischen Wandels f\u00fcr unsere St\u00e4dte und Gemeinden zu&hellip; <\/p>\n","protected":false},"author":1,"featured_media":0,"comment_status":"closed","ping_status":"closed","sticky":false,"template":"","format":"standard","meta":{"footnotes":""},"categories":[1],"tags":[],"quellen":[],"class_list":["post-930","post","type-post","status-publish","format-standard","hentry","category-allgemein"],"_links":{"self":[{"href":"https:\/\/meier-gerdingh.de\/wp-spd-ob\/wp-json\/wp\/v2\/posts\/930","targetHints":{"allow":["GET"]}}],"collection":[{"href":"https:\/\/meier-gerdingh.de\/wp-spd-ob\/wp-json\/wp\/v2\/posts"}],"about":[{"href":"https:\/\/meier-gerdingh.de\/wp-spd-ob\/wp-json\/wp\/v2\/types\/post"}],"author":[{"embeddable":true,"href":"https:\/\/meier-gerdingh.de\/wp-spd-ob\/wp-json\/wp\/v2\/users\/1"}],"replies":[{"embeddable":true,"href":"https:\/\/meier-gerdingh.de\/wp-spd-ob\/wp-json\/wp\/v2\/comments?post=930"}],"version-history":[{"count":0,"href":"https:\/\/meier-gerdingh.de\/wp-spd-ob\/wp-json\/wp\/v2\/posts\/930\/revisions"}],"wp:attachment":[{"href":"https:\/\/meier-gerdingh.de\/wp-spd-ob\/wp-json\/wp\/v2\/media?parent=930"}],"wp:term":[{"taxonomy":"category","embeddable":true,"href":"https:\/\/meier-gerdingh.de\/wp-spd-ob\/wp-json\/wp\/v2\/categories?post=930"},{"taxonomy":"post_tag","embeddable":true,"href":"https:\/\/meier-gerdingh.de\/wp-spd-ob\/wp-json\/wp\/v2\/tags?post=930"},{"taxonomy":"quellen","embeddable":true,"href":"https:\/\/meier-gerdingh.de\/wp-spd-ob\/wp-json\/wp\/v2\/quellen?post=930"}],"curies":[{"name":"wp","href":"https:\/\/api.w.org\/{rel}","templated":true}]}}