{"id":932,"date":"2011-12-16T17:00:00","date_gmt":"2011-12-16T15:00:00","guid":{"rendered":"http:\/\/www.meier-gerdingh.de\/spd-oberhausen\/wp\/?p=932"},"modified":"2017-05-17T18:37:25","modified_gmt":"2017-05-17T16:37:25","slug":"gesetzliche-mogelpackung-von-schwarz-gelb-verschafft-politischen-spitzenbeamten-wahre-pensionsrakete","status":"publish","type":"post","link":"https:\/\/meier-gerdingh.de\/wp-spd-ob\/2011\/12\/16\/gesetzliche-mogelpackung-von-schwarz-gelb-verschafft-politischen-spitzenbeamten-wahre-pensionsrakete\/","title":{"rendered":"Gesetzliche Mogelpackung von Schwarz-Gelb verschafft politischen Spitzenbeamten wahre Pensionsrakete"},"content":{"rendered":"<div style=\"width: 210px\" class=\"wp-caption alignleft\"><a href=\"http:\/\/meier-gerdingh.de\/wp-spd-ob\/wp-content\/uploads\/bundestag.jpg\"><img decoding=\"async\" class=\"size-full\" src=\"http:\/\/meier-gerdingh.de\/wp-spd-ob\/wp-content\/uploads\/bundestag.jpg\" alt=\"Der Deutsche Bundestag\" width=\"200\" height=\"158\" \/><\/a><p class=\"wp-caption-text\">Der Deutsche Bundestag<\/p><\/div>\n<p>So kommentiert der Bundestagsabgeordnete Michael Groschek ein dreistes Abstimmungsman\u00f6ver im Bundestag. Unter der \u00dcberschrift: &#8222;Fachkr\u00e4ftemangel beim Bund verhindern&#8220; hat die CDU\/FDP Mehrheit im Bundestag eine Pensionsrakete f\u00fcr ihre politischen Spitzenbeamten &#8211; auf Ebene der Ministerialdirigenten und Staatsekret\u00e4re &#8211; beschlossen. Im neuen Jahr d\u00fcrfen sich verbeamtete Fr\u00fchpension\u00e4re \u00fcber sage und schreibe bis zu 635 Euro mehr Pension im Monat freuen. Offensichtlich werden hier mit Blick auf drohende Wahlverluste schon Luxuspensionen nach einem Regierungswechsel sicher gestellt.<!--more--><\/p>\n<p>Diese Vorsorge ist zynisch, wenn zeitgleich die Bundesregierung beim sogenannten Rentendialog bei der Mindestrente scheitert und deutliche Verbesserungen bei den Erwerbsminderungsrenten verweigert. Die Opposition hat deshalb geschlossen dagegen gestimmt. Dies gilt sowohl f\u00fcr die Fraktionen, wie konkret auch f\u00fcr die \u00f6rtlichen Abgeordneten.<\/p>\n","protected":false},"excerpt":{"rendered":"<p>So kommentiert der Bundestagsabgeordnete Michael Groschek ein dreistes Abstimmungsman\u00f6ver im Bundestag. Unter der \u00dcberschrift: &#8222;Fachkr\u00e4ftemangel beim Bund verhindern&#8220; hat die CDU\/FDP Mehrheit im Bundestag eine Pensionsrakete f\u00fcr ihre politischen Spitzenbeamten&hellip; <\/p>\n","protected":false},"author":1,"featured_media":0,"comment_status":"closed","ping_status":"closed","sticky":false,"template":"","format":"standard","meta":{"footnotes":""},"categories":[1],"tags":[],"quellen":[],"class_list":["post-932","post","type-post","status-publish","format-standard","hentry","category-allgemein"],"_links":{"self":[{"href":"https:\/\/meier-gerdingh.de\/wp-spd-ob\/wp-json\/wp\/v2\/posts\/932","targetHints":{"allow":["GET"]}}],"collection":[{"href":"https:\/\/meier-gerdingh.de\/wp-spd-ob\/wp-json\/wp\/v2\/posts"}],"about":[{"href":"https:\/\/meier-gerdingh.de\/wp-spd-ob\/wp-json\/wp\/v2\/types\/post"}],"author":[{"embeddable":true,"href":"https:\/\/meier-gerdingh.de\/wp-spd-ob\/wp-json\/wp\/v2\/users\/1"}],"replies":[{"embeddable":true,"href":"https:\/\/meier-gerdingh.de\/wp-spd-ob\/wp-json\/wp\/v2\/comments?post=932"}],"version-history":[{"count":0,"href":"https:\/\/meier-gerdingh.de\/wp-spd-ob\/wp-json\/wp\/v2\/posts\/932\/revisions"}],"wp:attachment":[{"href":"https:\/\/meier-gerdingh.de\/wp-spd-ob\/wp-json\/wp\/v2\/media?parent=932"}],"wp:term":[{"taxonomy":"category","embeddable":true,"href":"https:\/\/meier-gerdingh.de\/wp-spd-ob\/wp-json\/wp\/v2\/categories?post=932"},{"taxonomy":"post_tag","embeddable":true,"href":"https:\/\/meier-gerdingh.de\/wp-spd-ob\/wp-json\/wp\/v2\/tags?post=932"},{"taxonomy":"quellen","embeddable":true,"href":"https:\/\/meier-gerdingh.de\/wp-spd-ob\/wp-json\/wp\/v2\/quellen?post=932"}],"curies":[{"name":"wp","href":"https:\/\/api.w.org\/{rel}","templated":true}]}}