{"id":939,"date":"2012-01-23T17:00:00","date_gmt":"2012-01-23T15:00:00","guid":{"rendered":"http:\/\/www.meier-gerdingh.de\/spd-oberhausen\/wp\/?p=939"},"modified":"2017-05-17T18:36:57","modified_gmt":"2017-05-17T16:36:57","slug":"michael-groschek-will-im-maerz-neuer-spd-chef-in-oberhausen-werden","status":"publish","type":"post","link":"https:\/\/meier-gerdingh.de\/wp-spd-ob\/2012\/01\/23\/michael-groschek-will-im-maerz-neuer-spd-chef-in-oberhausen-werden\/","title":{"rendered":"Michael Groschek will im M\u00e4rz neuer SPD-Chef in Oberhausen werden"},"content":{"rendered":"<div style=\"width: 150px\" class=\"wp-caption alignleft\"><a href=\"http:\/\/meier-gerdingh.de\/wp-spd-ob\/wp-content\/uploads\/groschek_michael_09.jpg\"><img decoding=\"async\" class=\"size-full\" src=\"http:\/\/meier-gerdingh.de\/wp-spd-ob\/wp-content\/uploads\/groschek_michael_09.jpg\" alt=\"Michael Groschek ist Mitglied des Bundestages f\u00fcr Oberhausen und Dinslaken und Generalsekret\u00e4r der NRWSPD\" width=\"140\" height=\"186\" \/><\/a><p class=\"wp-caption-text\">Michael Groschek ist Mitglied des Bundestages f\u00fcr Oberhausen und Dinslaken und Generalsekret\u00e4r der NRWSPD<\/p><\/div>\n<p><i>Michael Groschek, der f\u00fcr den Vorsitzend des SPD-Unterbezirks Oberhausen kandidieren wird, stellte seine zuk\u00fcnftigen politischen Ziele im SPD-Ortsverein Oberhausen-Ost in einem engagierten Vortrag vor:<\/i><\/p>\n<p>Den Schwerpunkt bildet eine noch tiefere Verankerung der SPD in Oberhausen &#8211; die SPD st\u00e4rken hei\u00dft Oberhausen st\u00e4rken. Als &#8222;Stadtpartei&#8220; solle die Oberhausener SPD ein noch deutlicheres Profil erhalten. Dies wird allerdings nur im Miteinander von Partei und Fraktion gemeinsam gelingen k\u00f6nnen. Angesichts der schwierigen Haushaltslage m\u00fcsse vielfach eine &#8222;Politik ohne Geld&#8220; formuliert werden. Sodann werde die SPD in Oberhausen die &#8222;Verantwortung f\u00fcr Arme und Benachteiligte&#8220; in der Gesellschaft \u00fcbernehmen.<!--more--><\/p>\n<p>Als gro\u00dfe Herausforderung seiner Arbeit bezeichnet es Groschek, gelebte Solidarit\u00e4t in Politik und Gesellschaft zu verankern. Zugleich werden Anstrengungen unternommen, &#8222;b\u00fcrgerliche&#8220; Gruppen erneut st\u00e4rker an die SPD zu binden. Das besondere &#8222;Stadtklima&#8220; als wichtiger Bestandteil des \u00f6ffentlichen Lebens m\u00fcsse erhalten werden. Dazu geh\u00f6rten Einrichtungen wie das Theater und die Ludwig-Galerie, die f\u00fcr Stadtkultur und Lebensqualit\u00e4t stehen.<\/p>\n<p>Zum Verst\u00e4ndnis der Haushaltssicherung in Oberhausen sei wichtig: Das Land NRW gibt zwar 66 Mio. Euro j\u00e4hrlich, um die arme Kommune Oberhausen zu unterst\u00fctzen, damit verbinde sich aber gleichzeitig die Verpflichtung der Kommune zu erheblichen Einsparungen im Haushalt. Ansonsten drohe zwingend bindend der &#8222;Sparkommissar&#8220;. Das w\u00fcrde jedoch eine vollst\u00e4ndige Aushebelung der kommunalen Gremien bedeuten. Trotz absehbarer schmerzhafter Einschnitte werde die SPD ihren Anspruch auf die f\u00fchrende Rolle in der Oberhausener Politik bekr\u00e4ftigen und die B\u00fcrger dabei umfassend durch Beteiligungsangebote aktiv einbeziehen.<\/p>\n<p>Zentrale Leitlinien der Haushaltssicherung sind f\u00fcr Groschek:<\/p>\n<p>Um die noch verbliebenen Investionschancen zu sichern, werde nicht an der rechtlichen Selbstst\u00e4ndigkeit privatrechtlich gef\u00fchrter st\u00e4dtischer Gesellschaften ger\u00fcttelt. Kultureinrichtungen m\u00fcssten als Beitrag zur Unverwechselbarkeit st\u00e4dtischer Lebensqualit\u00e4t erhalten bleiben.<\/p>\n<p>F\u00fcr die Entwicklung der SPD in Oberhausen skizzierte Groschek eine verst\u00e4rkte Mitglieder- und Talentwerbung. Dazu z\u00e4hlten eine Kommunalpolitische Akademie f\u00fcr den politischen Nachwuchs, die Gewinnung von Migranten und Frauen f\u00fcr die aktive Mitarbeit. &#8211; Eine Festlegung konkreter Quoten sei dabei nicht notwendig.<br \/>\nWir wollen neuen Leuten die Chance geben, Verantwortung zu \u00fcbernehmen.<\/p>\n<p>Mike Groschek nahm Stellung zu zahlreichen Fragen und Anregungen. Dabei f\u00fchrte er aus, die vielen Kooperationen zwischen SPD und Gewerkschaften sollen in einem Gewerkschaftsrat geb\u00fcndelt werden.<\/p>\n<p>Zum Ruhrgebiet erkl\u00e4rte Groschek:<\/p>\n<p>Statt Ruhrstadttraum muss es endlich zu einer praktischen Zusammenarbeit kommen. Die letzten 10 Jahre w\u00fcrden sich sonst bei der regionalen Kooperation als ein verlorenes Jahrzehnt erweisen.<\/p>\n","protected":false},"excerpt":{"rendered":"<p>Michael Groschek, der f\u00fcr den Vorsitzend des SPD-Unterbezirks Oberhausen kandidieren wird, stellte seine zuk\u00fcnftigen politischen Ziele im SPD-Ortsverein Oberhausen-Ost in einem engagierten Vortrag vor: Den Schwerpunkt bildet eine noch tiefere&hellip; <\/p>\n","protected":false},"author":1,"featured_media":0,"comment_status":"closed","ping_status":"closed","sticky":false,"template":"","format":"standard","meta":{"footnotes":""},"categories":[1],"tags":[],"quellen":[],"class_list":["post-939","post","type-post","status-publish","format-standard","hentry","category-allgemein"],"_links":{"self":[{"href":"https:\/\/meier-gerdingh.de\/wp-spd-ob\/wp-json\/wp\/v2\/posts\/939","targetHints":{"allow":["GET"]}}],"collection":[{"href":"https:\/\/meier-gerdingh.de\/wp-spd-ob\/wp-json\/wp\/v2\/posts"}],"about":[{"href":"https:\/\/meier-gerdingh.de\/wp-spd-ob\/wp-json\/wp\/v2\/types\/post"}],"author":[{"embeddable":true,"href":"https:\/\/meier-gerdingh.de\/wp-spd-ob\/wp-json\/wp\/v2\/users\/1"}],"replies":[{"embeddable":true,"href":"https:\/\/meier-gerdingh.de\/wp-spd-ob\/wp-json\/wp\/v2\/comments?post=939"}],"version-history":[{"count":0,"href":"https:\/\/meier-gerdingh.de\/wp-spd-ob\/wp-json\/wp\/v2\/posts\/939\/revisions"}],"wp:attachment":[{"href":"https:\/\/meier-gerdingh.de\/wp-spd-ob\/wp-json\/wp\/v2\/media?parent=939"}],"wp:term":[{"taxonomy":"category","embeddable":true,"href":"https:\/\/meier-gerdingh.de\/wp-spd-ob\/wp-json\/wp\/v2\/categories?post=939"},{"taxonomy":"post_tag","embeddable":true,"href":"https:\/\/meier-gerdingh.de\/wp-spd-ob\/wp-json\/wp\/v2\/tags?post=939"},{"taxonomy":"quellen","embeddable":true,"href":"https:\/\/meier-gerdingh.de\/wp-spd-ob\/wp-json\/wp\/v2\/quellen?post=939"}],"curies":[{"name":"wp","href":"https:\/\/api.w.org\/{rel}","templated":true}]}}