{"id":9399,"date":"2022-09-27T15:40:51","date_gmt":"2022-09-27T13:40:51","guid":{"rendered":"https:\/\/meier-gerdingh.de\/wp-spd-ob\/?p=9399"},"modified":"2022-09-29T15:43:15","modified_gmt":"2022-09-29T13:43:15","slug":"gleichstellung-bleibt-herkulesaufgabe","status":"publish","type":"post","link":"https:\/\/meier-gerdingh.de\/wp-spd-ob\/2022\/09\/27\/gleichstellung-bleibt-herkulesaufgabe\/","title":{"rendered":"Gleichstellung bleibt Herkulesaufgabe"},"content":{"rendered":"<div id=\"attachment_8647\" style=\"width: 170px\" class=\"wp-caption alignleft\"><a href=\"https:\/\/meier-gerdingh.de\/wp-spd-ob\/wp-content\/uploads\/2021\/12\/salwik-claudia-lg.jpg\"><img aria-describedby=\"caption-attachment-8647\" decoding=\"async\" class=\"size-full wp-image-8647\" src=\"https:\/\/meier-gerdingh.de\/wp-spd-ob\/wp-content\/uploads\/2021\/12\/salwik-claudia.jpg\" alt=\"\" width=\"160\" height=\"200\" \/><\/a><p id=\"caption-attachment-8647\" class=\"wp-caption-text\">Claudia Salwik ist Mitglied des Rates der Stadt und gleichstellungspolitische Sprecherin der SPD-Fraktion<\/p><\/div>\n<p>Die Verabschiedung des st\u00e4dtischen Gleichstellungsplans hat am Montag in der Ratssitzung die gleichstellungspolitische Sprecherin der SPD-Fraktion, Claudia Salwik, genutzt, um einen Blick auf den Stand der Geschlechtergerechtigkeit zu werfen. Ihr Fazit ist wenig euphorisch: &#8222;M\u00e4nner haben den Vortritt in Sachen Einkommensh\u00f6he und Karriere, Frauen das Nachsehen und die Hauptverantwortung f\u00fcr famili\u00e4re Belange&#8220;, so ihr Fazit, obwohl der aktuelle Gleichstellungsplan anderes anstrebe: &#8222;Eine partnerschaftliche Vereinbarkeit ist das Ziel, das viele Familien anstreben und auch leben wollen.&#8220;<\/p>\n<p>Doch wie weit dieses Ziel noch entfernt sei, zeige beispielsweise ein Blick auf die Stadtverwaltung als Arbeitgeberin: Dort stellen M\u00e4nner in der Gruppe der Teilzeitbesch\u00e4ftigten nur sieben Prozent; Elternzeit nahmen im Berichtszeitraum des Gleichstellungsplans f\u00fcnf M\u00e4nner, bis zu einem Jahr hat es einer von ihnen geschafft \u2013 dagegen gingen 75 Frauen in Elternzeit, im ersten Jahr kehrte nur eine von ihnen zur\u00fcck.<!--more--><\/p>\n<p>&#8222;In der Konsequenz bleiben Frauen \u00fcber Jahre, teilweise Jahrzehnte in Teilzeit, und das wird am Ende des Berufslebens f\u00fcr einige die sichere Altersarmut bedeuten&#8220;, stellte Claudia Salwik fest. Verlieren w\u00fcrden dadurch letztendlich alle: &#8222;F\u00fcr M\u00e4nner bedeutet das zwar erfolgreichere Erwerbsbiografien, allerdings verhindert die Sorge vorm &#8218;Karriereknick Kind&#8216;, dass M\u00e4nner hier ihren Mann stehen und famili\u00e4re Verantwortung \u00fcbernehmen.&#8220;<\/p>\n<p>Hier sei auch eine Aufgabe von Politik: &#8222;Wir m\u00fcssen uns selbstkritisch fragen, inwiefern es uns als Politik gelungen ist, dieser Ungleichheit entgegenzuwirken.&#8220; Ein Blick aufs Podium zeige, wie weit der Weg sei: &#8222;Die versammelte Stadtspitze ist schlie\u00dflich so weit weg von Parit\u00e4t wie nur m\u00f6glich \u2013 das darf 2022 nun wirklich niemanden mehr zufrieden stellen.&#8220;<\/p>\n<p>Dass dies alles so ist, liege nicht an zu wenigen Ma\u00dfnahmen oder M\u00f6glichkeiten, so Claudia Salwik. &#8222;Es ist eine Haltungsfrage, die uns als Politik dazu bringen muss, hier keinen Schritt zur\u00fcck zu akzeptieren.&#8220; Das Ziel sei schlie\u00dflich mehr als erstrebenswert: &#8222;Es geht nicht darum, Frauen zu befreien und in Positionen zu bef\u00f6rdern, einfach weil sie Frauen sind. Es geht darum, uns alle zu befreien.&#8220;<\/p>\n","protected":false},"excerpt":{"rendered":"<p>Die Verabschiedung des st\u00e4dtischen Gleichstellungsplans hat am Montag in der Ratssitzung die gleichstellungspolitische Sprecherin der SPD-Fraktion, Claudia Salwik, genutzt, um einen Blick auf den Stand der Geschlechtergerechtigkeit zu werfen. Ihr&hellip; <\/p>\n","protected":false},"author":1,"featured_media":0,"comment_status":"closed","ping_status":"closed","sticky":false,"template":"","format":"standard","meta":{"footnotes":""},"categories":[95],"tags":[702,3277,3276,1648,3278,1435,1644],"quellen":[326],"class_list":["post-9399","post","type-post","status-publish","format-standard","hentry","category-gleichstellung","tag-altersarmut","tag-geschlechtergerechtigkeit","tag-gleichstellungsplan","tag-rat-der-stadt","tag-teilzeitbeschaeftigte","tag-teilzeitbeschaeftigung","tag-verwaltungsvorstand","quellen-spd-fraktion-oberhausen"],"_links":{"self":[{"href":"https:\/\/meier-gerdingh.de\/wp-spd-ob\/wp-json\/wp\/v2\/posts\/9399","targetHints":{"allow":["GET"]}}],"collection":[{"href":"https:\/\/meier-gerdingh.de\/wp-spd-ob\/wp-json\/wp\/v2\/posts"}],"about":[{"href":"https:\/\/meier-gerdingh.de\/wp-spd-ob\/wp-json\/wp\/v2\/types\/post"}],"author":[{"embeddable":true,"href":"https:\/\/meier-gerdingh.de\/wp-spd-ob\/wp-json\/wp\/v2\/users\/1"}],"replies":[{"embeddable":true,"href":"https:\/\/meier-gerdingh.de\/wp-spd-ob\/wp-json\/wp\/v2\/comments?post=9399"}],"version-history":[{"count":0,"href":"https:\/\/meier-gerdingh.de\/wp-spd-ob\/wp-json\/wp\/v2\/posts\/9399\/revisions"}],"wp:attachment":[{"href":"https:\/\/meier-gerdingh.de\/wp-spd-ob\/wp-json\/wp\/v2\/media?parent=9399"}],"wp:term":[{"taxonomy":"category","embeddable":true,"href":"https:\/\/meier-gerdingh.de\/wp-spd-ob\/wp-json\/wp\/v2\/categories?post=9399"},{"taxonomy":"post_tag","embeddable":true,"href":"https:\/\/meier-gerdingh.de\/wp-spd-ob\/wp-json\/wp\/v2\/tags?post=9399"},{"taxonomy":"quellen","embeddable":true,"href":"https:\/\/meier-gerdingh.de\/wp-spd-ob\/wp-json\/wp\/v2\/quellen?post=9399"}],"curies":[{"name":"wp","href":"https:\/\/api.w.org\/{rel}","templated":true}]}}