{"id":94,"date":"2001-10-30T17:00:00","date_gmt":"2001-10-30T15:00:00","guid":{"rendered":"http:\/\/www.meier-gerdingh.de\/spd-oberhausen\/wp\/?p=94"},"modified":"2017-05-12T09:33:49","modified_gmt":"2017-05-12T07:33:49","slug":"kuerzungen-im-jugendbereich-sind-vom-tisch","status":"publish","type":"post","link":"https:\/\/meier-gerdingh.de\/wp-spd-ob\/2001\/10\/30\/kuerzungen-im-jugendbereich-sind-vom-tisch\/","title":{"rendered":"K\u00fcrzungen im Jugendbereich sind vom Tisch"},"content":{"rendered":"<p><a href=\"http:\/\/meier-gerdingh.de\/wp-spd-ob\/wp-content\/uploads\/euro.jpg\"><img decoding=\"async\" class=\"size-full alignleft\" src=\"http:\/\/meier-gerdingh.de\/wp-spd-ob\/wp-content\/uploads\/euro.jpg\" alt=\"\" width=\"77\" height=\"77\" \/><\/a>&#8222;Wir stellen bei allen Einsparzw\u00e4ngen die soziale Gerechtigkeit nicht in Frage&#8220;, dies erkl\u00e4ren die Oberhausener Landtagsabgeordnete Michael Groschek und Wolfgang Gro\u00dfe Br\u00f6mer zu den Haushaltsplanberatungen der SPD-Landtagsfraktion am gestrigen Montag in D\u00fcsseldorf.<!--more--><\/p>\n<p>Die Sozialdemokraten lehnten in ihren Beratungen eine Reihe von K\u00fcrzungsvorschl\u00e4gen ab, die auch die Stadt Oberhausen belastet h\u00e4tten. &#8222;Wir hatten versprochen in dieser Legislaturperiode nicht im Jugendbereich zu k\u00fcrzen&#8220;, erl\u00e4uterte Gro\u00dfe Br\u00f6mer, der auch jugendpolitischer Sprecher der SPD-Ratsfraktion ist, &#8222;und dieses Versprechen werden wir halten.&#8220;<\/p>\n<p>Von den vorgeschlagenen K\u00fcrzungen im Jugendbereich w\u00e4re Oberhausen alleine mit ca. 94.000 DM bei Zusch\u00fcssen f\u00fcr das Haus der Jugend betroffen gewesen. Ebenso abgelehnt hat die SPD-Landtagsfraktion geplante K\u00fcrzungen in der Familien- und Jugendhilfe, die f\u00fcr die Stadt Oberhausen zu Mindereinnahme bis zu 234.000 DM gef\u00fchrt h\u00e4tten, und vorgeschlagene Streichungen bei den Zusch\u00fcssen f\u00fcr Bibliotheken.<\/p>\n<p>&#8222;Die Beschl\u00fcsse der SPD-Landtagsfraktion sind ein Zeichen f\u00fcr soziale Gerechtigkeit und im Sinne der Kommune, insbesondere auch der Stadt Oberhausen&#8220;, fasst Michael Groschek die Auswirkungen der Beschl\u00fcsse zusammen. Auch der Rat der Stadt hatte in einer Resolution gefordert, die geplanten Streichungen nicht durchzuf\u00fchren, da sie den st\u00e4dtischen Haushalt zu sehr belasten.<\/p>\n<p>Dieser Ansicht ist nun die SPD in D\u00fcsseldorf gefolgt. Dar\u00fcber hinaus beschloss die SPD die geplante Beteiligung der Kommunen an Investitionen f\u00fcr Krankenh\u00e4user im Rahmen des Gemeindefinanzierungsgesetzes zu streichen. Dies verbessert nach Angaben der SPD-Politiker auch die Rahmenbedingungen der Haushaltsberatungen f\u00fcr Oberhausen. Dies sei angesichts der schwierigen Finanzsituation der Stadt sehr positiv.<\/p>\n<p>&#8222;Auf Stadt- und Landesebene werden wir unseren Kurs zur Konsolidierung der Haushalte fortsetzen, dabei werden wir aber darauf achten, dass die soziale Symmetrie erhalten bleibt. Ein Kaputtsparen von Strukturen auf Kosten der sozialen Gerechtigkeit wird es weder in Oberhausen noch in Nordrhein Westfalen geben&#8220;, erkl\u00e4rten Groschek und Gro\u00dfe Br\u00f6mer abschlie\u00dfend.<\/p>\n","protected":false},"excerpt":{"rendered":"<p>&#8222;Wir stellen bei allen Einsparzw\u00e4ngen die soziale Gerechtigkeit nicht in Frage&#8220;, dies erkl\u00e4ren die Oberhausener Landtagsabgeordnete Michael Groschek und Wolfgang Gro\u00dfe Br\u00f6mer zu den Haushaltsplanberatungen der SPD-Landtagsfraktion am gestrigen Montag&hellip; <\/p>\n","protected":false},"author":1,"featured_media":0,"comment_status":"closed","ping_status":"closed","sticky":false,"template":"","format":"standard","meta":{"footnotes":""},"categories":[1],"tags":[],"quellen":[],"class_list":["post-94","post","type-post","status-publish","format-standard","hentry","category-allgemein"],"_links":{"self":[{"href":"https:\/\/meier-gerdingh.de\/wp-spd-ob\/wp-json\/wp\/v2\/posts\/94","targetHints":{"allow":["GET"]}}],"collection":[{"href":"https:\/\/meier-gerdingh.de\/wp-spd-ob\/wp-json\/wp\/v2\/posts"}],"about":[{"href":"https:\/\/meier-gerdingh.de\/wp-spd-ob\/wp-json\/wp\/v2\/types\/post"}],"author":[{"embeddable":true,"href":"https:\/\/meier-gerdingh.de\/wp-spd-ob\/wp-json\/wp\/v2\/users\/1"}],"replies":[{"embeddable":true,"href":"https:\/\/meier-gerdingh.de\/wp-spd-ob\/wp-json\/wp\/v2\/comments?post=94"}],"version-history":[{"count":0,"href":"https:\/\/meier-gerdingh.de\/wp-spd-ob\/wp-json\/wp\/v2\/posts\/94\/revisions"}],"wp:attachment":[{"href":"https:\/\/meier-gerdingh.de\/wp-spd-ob\/wp-json\/wp\/v2\/media?parent=94"}],"wp:term":[{"taxonomy":"category","embeddable":true,"href":"https:\/\/meier-gerdingh.de\/wp-spd-ob\/wp-json\/wp\/v2\/categories?post=94"},{"taxonomy":"post_tag","embeddable":true,"href":"https:\/\/meier-gerdingh.de\/wp-spd-ob\/wp-json\/wp\/v2\/tags?post=94"},{"taxonomy":"quellen","embeddable":true,"href":"https:\/\/meier-gerdingh.de\/wp-spd-ob\/wp-json\/wp\/v2\/quellen?post=94"}],"curies":[{"name":"wp","href":"https:\/\/api.w.org\/{rel}","templated":true}]}}