{"id":9401,"date":"2022-09-29T18:23:43","date_gmt":"2022-09-29T16:23:43","guid":{"rendered":"https:\/\/meier-gerdingh.de\/wp-spd-ob\/?p=9401"},"modified":"2022-09-29T18:23:43","modified_gmt":"2022-09-29T16:23:43","slug":"spd-fordert-ob-zum-handeln-auf","status":"publish","type":"post","link":"https:\/\/meier-gerdingh.de\/wp-spd-ob\/2022\/09\/29\/spd-fordert-ob-zum-handeln-auf\/","title":{"rendered":"SPD fordert OB zum Handeln auf"},"content":{"rendered":"<div id=\"attachment_7693\" style=\"width: 170px\" class=\"wp-caption alignleft\"><a href=\"https:\/\/meier-gerdingh.de\/wp-spd-ob\/wp-content\/uploads\/2020\/11\/scherer-axel-2020-lg.jpg\"><img aria-describedby=\"caption-attachment-7693\" decoding=\"async\" class=\"size-full wp-image-7693\" src=\"https:\/\/meier-gerdingh.de\/wp-spd-ob\/wp-content\/uploads\/2020\/11\/scherer-axel-2020.jpg\" alt=\"\" width=\"160\" height=\"200\" \/><\/a><p id=\"caption-attachment-7693\" class=\"wp-caption-text\">Axel J. Scherer ist kulturpolitischer Sprecher der SPD-Ratsfraktion<\/p><\/div>\n<p>In ihrer j\u00fcngsten Ratssitzung hat sich die Kommunalpolitik auf Antrag der SPD mit dem Thema Br\u00fcckenschlag auseinandergesetzt. Dabei war es den Sozialdemokraten wichtig, nicht nur auf die l\u00e4ngst bekannten, riesigen Defizite hinzuweisen, sondern auch einen Weckruf an den Oberb\u00fcrgermeister und seine Verwaltung abzusetzen, dass endlich gehandelt werden muss, wie der kulturpolitische Sprecher Axel J. Scherer in seiner Rede betonte:<\/p>\n<p>&#8222;Herr Oberb\u00fcrgermeister, nehmen Sie Ihre Verantwortung f\u00fcr die Innenstadt endlich ernst! Sorgen Sie daf\u00fcr, dass Ihre Dezernate sich transparent und fach\u00fcbergreifend dieses Problems annehmen und einen Generalplan entwickeln.&#8220;<!--more--><\/p>\n<p>Stadtplanung und Kultur k\u00f6nnten hier sofort den Anfang machen, so Scherer. Es gehe nun darum, die Verwaltungsstruktur um den Br\u00fcckenschlag zu entschlacken und Verantwortlichkeiten festzulegen. Denn die Altstadt, ihre Akteure und die Menschen, die dort leben, h\u00e4tten Wertsch\u00e4tzung und eine gute Zukunft verdient und d\u00fcrfen nicht l\u00e4nger im Stich gelassen werden.<\/p>\n","protected":false},"excerpt":{"rendered":"<p>In ihrer j\u00fcngsten Ratssitzung hat sich die Kommunalpolitik auf Antrag der SPD mit dem Thema Br\u00fcckenschlag auseinandergesetzt. Dabei war es den Sozialdemokraten wichtig, nicht nur auf die l\u00e4ngst bekannten, riesigen&hellip; <\/p>\n","protected":false},"author":1,"featured_media":0,"comment_status":"closed","ping_status":"closed","sticky":false,"template":"","format":"standard","meta":{"footnotes":""},"categories":[16,167],"tags":[65,144,198,183,1226,1389,3271],"quellen":[326],"class_list":["post-9401","post","type-post","status-publish","format-standard","hentry","category-stadtentwicklung","category-stadtteile","tag-alt-oberhausen","tag-bezirksvertretung-alt-oberhausen","tag-city-alt-oberhausen","tag-lirich","tag-projekt-brueckenschlag","tag-projekt-soziale-stadt","tag-stadterneuerung","quellen-spd-fraktion-oberhausen"],"_links":{"self":[{"href":"https:\/\/meier-gerdingh.de\/wp-spd-ob\/wp-json\/wp\/v2\/posts\/9401","targetHints":{"allow":["GET"]}}],"collection":[{"href":"https:\/\/meier-gerdingh.de\/wp-spd-ob\/wp-json\/wp\/v2\/posts"}],"about":[{"href":"https:\/\/meier-gerdingh.de\/wp-spd-ob\/wp-json\/wp\/v2\/types\/post"}],"author":[{"embeddable":true,"href":"https:\/\/meier-gerdingh.de\/wp-spd-ob\/wp-json\/wp\/v2\/users\/1"}],"replies":[{"embeddable":true,"href":"https:\/\/meier-gerdingh.de\/wp-spd-ob\/wp-json\/wp\/v2\/comments?post=9401"}],"version-history":[{"count":0,"href":"https:\/\/meier-gerdingh.de\/wp-spd-ob\/wp-json\/wp\/v2\/posts\/9401\/revisions"}],"wp:attachment":[{"href":"https:\/\/meier-gerdingh.de\/wp-spd-ob\/wp-json\/wp\/v2\/media?parent=9401"}],"wp:term":[{"taxonomy":"category","embeddable":true,"href":"https:\/\/meier-gerdingh.de\/wp-spd-ob\/wp-json\/wp\/v2\/categories?post=9401"},{"taxonomy":"post_tag","embeddable":true,"href":"https:\/\/meier-gerdingh.de\/wp-spd-ob\/wp-json\/wp\/v2\/tags?post=9401"},{"taxonomy":"quellen","embeddable":true,"href":"https:\/\/meier-gerdingh.de\/wp-spd-ob\/wp-json\/wp\/v2\/quellen?post=9401"}],"curies":[{"name":"wp","href":"https:\/\/api.w.org\/{rel}","templated":true}]}}