{"id":944,"date":"2012-02-15T17:00:00","date_gmt":"2012-02-15T15:00:00","guid":{"rendered":"http:\/\/www.meier-gerdingh.de\/spd-oberhausen\/wp\/?p=944"},"modified":"2017-05-17T18:33:15","modified_gmt":"2017-05-17T16:33:15","slug":"stefan-scheffler-bleibt-vorsitzender-im-sterkrader-norden","status":"publish","type":"post","link":"https:\/\/meier-gerdingh.de\/wp-spd-ob\/2012\/02\/15\/stefan-scheffler-bleibt-vorsitzender-im-sterkrader-norden\/","title":{"rendered":"Stefan Scheffler bleibt Vorsitzender im Sterkrader Norden"},"content":{"rendered":"<div style=\"width: 150px\" class=\"wp-caption alignleft\"><a href=\"http:\/\/meier-gerdingh.de\/wp-spd-ob\/wp-content\/uploads\/scheffler_stefan_09.jpg\"><img decoding=\"async\" class=\"size-full\" src=\"http:\/\/meier-gerdingh.de\/wp-spd-ob\/wp-content\/uploads\/scheffler_stefan_09.jpg\" alt=\"Stefan Scheffler, Vorsitzender des SPD-Ortsvereins Sterkrade-Nord\" width=\"140\" height=\"169\" \/><\/a><p class=\"wp-caption-text\">Stefan Scheffler, Vorsitzender des SPD-Ortsvereins Sterkrade-Nord<\/p><\/div>\n<p>Der SPD-Ortsverein Sterkrade-Nord hat am vergangenen Donnerstag einen neuen Vorstand gew\u00e4hlt. Im Gemeindehaus an der Forststra\u00dfe wurde der bisherige <b>Ortsvereinsvorsitzende<\/b> Stefan Scheffler in seinem Amt best\u00e4tigt. Als seine <b>Stellvertreter<\/b> w\u00e4hlte die Versammlung Jochen Richter und Sebastian Flecken.<!--more--><\/p>\n<p>Als <b>Schriftf\u00fchrer<\/b> werden Anja Schwarz und Werner Janzen, als <b>Hauptkassierer<\/b> Siegfried Icking und Frank Bohnes die Arbeit des Ortsvereins unterst\u00fctzen.<\/p>\n<p>Ferner w\u00e4hlte die Versammlung <b>zehn Beisitzerinnen und Beisitzer<\/b>:<\/p>\n<ul>\n<li>Ursula Augenstein<\/li>\n<li>Rudolf Hegenberg<\/li>\n<li>Karl- Heinz M\u00fcller<\/li>\n<li>Annemarie Nowak<\/li>\n<li>Elmar Oertel<\/li>\n<li>Ulrich Real<\/li>\n<li>Bernd Reinemann<\/li>\n<li>Kevin Schanz<\/li>\n<li>Karin Tysiak<\/li>\n<li>Ursula Wingens<\/li>\n<\/ul>\n<p>Die Versammlung w\u00e4hlte f\u00fcr die Unterbezirksparteitage der Oberhausener Sozialdemokraten <b>24 Delegierte<\/b>:<\/p>\n<ol>\n<li>Jochen Richter<\/li>\n<li>Stefan Scheffler<\/li>\n<li>Annemarie Nowak<\/li>\n<li>Ursula Wingens<\/li>\n<li>Elmar Oertel<\/li>\n<li>Frank Bohnes<\/li>\n<li>Bernd Reinemann<\/li>\n<li>Sebastian Flecken<\/li>\n<li>Werner Janzen<\/li>\n<li>Siegfried Icking<\/li>\n<li>Rudolf Hegenberg<\/li>\n<li>Anja Schwarz<\/li>\n<li>Kevin Schanz<\/li>\n<li>Ulrich Real<\/li>\n<li>Ursula Augenstein<\/li>\n<li>Arnulf Nowak<\/li>\n<li>Ute Jordan-Ecker<\/li>\n<li>Karin Tysiak<\/li>\n<li>Heinz M\u00fcthing<\/li>\n<li>Paul van der Mazen<\/li>\n<li>Christel Hegenberg<\/li>\n<li>Anja Reichstein<\/li>\n<li>Silke Becker<\/li>\n<li>Walburga Stortz<\/li>\n<\/ol>\n","protected":false},"excerpt":{"rendered":"<p>Der SPD-Ortsverein Sterkrade-Nord hat am vergangenen Donnerstag einen neuen Vorstand gew\u00e4hlt. Im Gemeindehaus an der Forststra\u00dfe wurde der bisherige Ortsvereinsvorsitzende Stefan Scheffler in seinem Amt best\u00e4tigt. Als seine Stellvertreter w\u00e4hlte&hellip; <\/p>\n","protected":false},"author":1,"featured_media":0,"comment_status":"closed","ping_status":"closed","sticky":false,"template":"","format":"standard","meta":{"footnotes":""},"categories":[1],"tags":[],"quellen":[],"class_list":["post-944","post","type-post","status-publish","format-standard","hentry","category-allgemein"],"_links":{"self":[{"href":"https:\/\/meier-gerdingh.de\/wp-spd-ob\/wp-json\/wp\/v2\/posts\/944","targetHints":{"allow":["GET"]}}],"collection":[{"href":"https:\/\/meier-gerdingh.de\/wp-spd-ob\/wp-json\/wp\/v2\/posts"}],"about":[{"href":"https:\/\/meier-gerdingh.de\/wp-spd-ob\/wp-json\/wp\/v2\/types\/post"}],"author":[{"embeddable":true,"href":"https:\/\/meier-gerdingh.de\/wp-spd-ob\/wp-json\/wp\/v2\/users\/1"}],"replies":[{"embeddable":true,"href":"https:\/\/meier-gerdingh.de\/wp-spd-ob\/wp-json\/wp\/v2\/comments?post=944"}],"version-history":[{"count":0,"href":"https:\/\/meier-gerdingh.de\/wp-spd-ob\/wp-json\/wp\/v2\/posts\/944\/revisions"}],"wp:attachment":[{"href":"https:\/\/meier-gerdingh.de\/wp-spd-ob\/wp-json\/wp\/v2\/media?parent=944"}],"wp:term":[{"taxonomy":"category","embeddable":true,"href":"https:\/\/meier-gerdingh.de\/wp-spd-ob\/wp-json\/wp\/v2\/categories?post=944"},{"taxonomy":"post_tag","embeddable":true,"href":"https:\/\/meier-gerdingh.de\/wp-spd-ob\/wp-json\/wp\/v2\/tags?post=944"},{"taxonomy":"quellen","embeddable":true,"href":"https:\/\/meier-gerdingh.de\/wp-spd-ob\/wp-json\/wp\/v2\/quellen?post=944"}],"curies":[{"name":"wp","href":"https:\/\/api.w.org\/{rel}","templated":true}]}}