{"id":9456,"date":"2022-10-13T19:26:09","date_gmt":"2022-10-13T17:26:09","guid":{"rendered":"https:\/\/meier-gerdingh.de\/wp-spd-ob\/?p=9456"},"modified":"2022-10-13T19:26:09","modified_gmt":"2022-10-13T17:26:09","slug":"spd-verlangt-aufklaerung-ueber-schulvandalismus","status":"publish","type":"post","link":"https:\/\/meier-gerdingh.de\/wp-spd-ob\/2022\/10\/13\/spd-verlangt-aufklaerung-ueber-schulvandalismus\/","title":{"rendered":"SPD verlangt Aufkl\u00e4rung \u00fcber Schulvandalismus"},"content":{"rendered":"<div id=\"attachment_9420\" style=\"width: 170px\" class=\"wp-caption alignleft\"><a href=\"https:\/\/meier-gerdingh.de\/wp-spd-ob\/wp-content\/uploads\/2022\/10\/horn-denise-portrait-lg.jpg\"><img aria-describedby=\"caption-attachment-9420\" decoding=\"async\" class=\"size-full wp-image-9420\" src=\"https:\/\/meier-gerdingh.de\/wp-spd-ob\/wp-content\/uploads\/2022\/10\/horn-denise-portrait.jpg\" alt=\"\" width=\"160\" height=\"200\" \/><\/a><p id=\"caption-attachment-9420\" class=\"wp-caption-text\">Denise Horn ist schulpolitische Sprecherin der SPD-Fraktion<\/p><\/div>\n<p>Die Verw\u00fcstung von mehr als 25 Schulen und Kinderg\u00e4rten in Oberhausen seit Anfang September wird auf Antrag der SPD-Fraktion im n\u00e4chsten Schulausschuss thematisiert. &#8222;Es ist traurig zu sehen, was blinde Zerst\u00f6rungswut angerichtet hat&#8220;, erkl\u00e4rt die schulpolitische Sprecherin der SPD-Ratsfraktion, Denise Horn.<\/p>\n<p>Warum noch keine Informationen an die Politik geflossen sind, erschlie\u00dft sich der Stadtverordneten nicht. &#8222;Seit anderthalb Monaten werden Einrichtungen verw\u00fcstet, beschmiert und zerst\u00f6rt, an denen sich unsere Kinder und Jugendlichen doch wohl und sicher f\u00fchlen sollen. Das ist keine Bagatelle und alles andere als ein dummer Jugendstreich.&#8220;<!--more--><\/p>\n<p>F\u00fcr die Ergreifung der T\u00e4ter sei nat\u00fcrlich die Polizei zust\u00e4ndig, allerdings stellen sich auch Fragen jenseits der Strafverfolgung. &#8222;Die Sch\u00e4den m\u00fcssen so schnell wie m\u00f6glich beseitigt werden, damit der Schul- oder Kita-Alltag in geregelten Bahnen verl\u00e4uft, und dann m\u00fcssen wir auch \u00fcber die Kosten sprechen&#8220;, erkl\u00e4rt Denise Horn. Zudem sei eine Diskussion \u00fcber Pr\u00e4ventivma\u00dfnahmen notwendig.<\/p>\n<p>&#8222;Vielleicht muss man dort auch mal neue Wege gehen&#8220;, schl\u00e4gt die Stadtverordnete vor. &#8222;Wenn die Polizei laut Zeitungsbericht eine illegale Challenge \u00fcber soziale Netzwerke f\u00fcr m\u00f6glich h\u00e4lt: Warum soll man den T\u00e4tern via &#8218;TikTok&#8216; oder Snapchat nicht auch die Folgen und m\u00f6gliche Konsequenzen pr\u00e4sentieren?&#8220;, so ein Vorschlag.<\/p>\n","protected":false},"excerpt":{"rendered":"<p>Die Verw\u00fcstung von mehr als 25 Schulen und Kinderg\u00e4rten in Oberhausen seit Anfang September wird auf Antrag der SPD-Fraktion im n\u00e4chsten Schulausschuss thematisiert. &#8222;Es ist traurig zu sehen, was blinde&hellip; <\/p>\n","protected":false},"author":1,"featured_media":0,"comment_status":"closed","ping_status":"closed","sticky":false,"template":"","format":"standard","meta":{"footnotes":""},"categories":[2],"tags":[605,1752,147,1368,3280,1313],"quellen":[326],"class_list":["post-9456","post","type-post","status-publish","format-standard","hentry","category-schule","tag-kindergaerten","tag-ktes","tag-schulausschuss","tag-schulen","tag-schulvandalismus","tag-vandalismus","quellen-spd-fraktion-oberhausen"],"_links":{"self":[{"href":"https:\/\/meier-gerdingh.de\/wp-spd-ob\/wp-json\/wp\/v2\/posts\/9456","targetHints":{"allow":["GET"]}}],"collection":[{"href":"https:\/\/meier-gerdingh.de\/wp-spd-ob\/wp-json\/wp\/v2\/posts"}],"about":[{"href":"https:\/\/meier-gerdingh.de\/wp-spd-ob\/wp-json\/wp\/v2\/types\/post"}],"author":[{"embeddable":true,"href":"https:\/\/meier-gerdingh.de\/wp-spd-ob\/wp-json\/wp\/v2\/users\/1"}],"replies":[{"embeddable":true,"href":"https:\/\/meier-gerdingh.de\/wp-spd-ob\/wp-json\/wp\/v2\/comments?post=9456"}],"version-history":[{"count":0,"href":"https:\/\/meier-gerdingh.de\/wp-spd-ob\/wp-json\/wp\/v2\/posts\/9456\/revisions"}],"wp:attachment":[{"href":"https:\/\/meier-gerdingh.de\/wp-spd-ob\/wp-json\/wp\/v2\/media?parent=9456"}],"wp:term":[{"taxonomy":"category","embeddable":true,"href":"https:\/\/meier-gerdingh.de\/wp-spd-ob\/wp-json\/wp\/v2\/categories?post=9456"},{"taxonomy":"post_tag","embeddable":true,"href":"https:\/\/meier-gerdingh.de\/wp-spd-ob\/wp-json\/wp\/v2\/tags?post=9456"},{"taxonomy":"quellen","embeddable":true,"href":"https:\/\/meier-gerdingh.de\/wp-spd-ob\/wp-json\/wp\/v2\/quellen?post=9456"}],"curies":[{"name":"wp","href":"https:\/\/api.w.org\/{rel}","templated":true}]}}