{"id":9463,"date":"2022-10-20T20:06:53","date_gmt":"2022-10-20T18:06:53","guid":{"rendered":"https:\/\/meier-gerdingh.de\/wp-spd-ob\/?p=9463"},"modified":"2022-10-20T20:06:53","modified_gmt":"2022-10-20T18:06:53","slug":"finanzierung-des-smart-hauses-der-offenen-tuer-ist-gesichert","status":"publish","type":"post","link":"https:\/\/meier-gerdingh.de\/wp-spd-ob\/2022\/10\/20\/finanzierung-des-smart-hauses-der-offenen-tuer-ist-gesichert\/","title":{"rendered":"Finanzierung des &#8222;Smart-Hauses der offenen T\u00fcr&#8220; ist gesichert"},"content":{"rendered":"<div id=\"attachment_6161\" style=\"width: 190px\" class=\"wp-caption alignleft\"><a href=\"https:\/\/meier-gerdingh.de\/wp-spd-ob\/wp-content\/uploads\/2019\/03\/apostolos-tsalastras-2019.jpg\"><img aria-describedby=\"caption-attachment-6161\" decoding=\"async\" class=\"size-full wp-image-6161\" src=\"https:\/\/meier-gerdingh.de\/wp-spd-ob\/wp-content\/uploads\/2019\/03\/apostolos-tsalastras-2019.jpg\" alt=\"\" width=\"180\" height=\"207\" \/><\/a><p id=\"caption-attachment-6161\" class=\"wp-caption-text\">Apostolos Tsalastras ist K\u00e4mmerer und Kulturdezernent der Stadt Oberhausen<\/p><\/div>\n<p>Die finanziellen Mittel f\u00fcr die Errichtung und den Betrieb eines &#8222;Smart-Hauses der offenen T\u00fcr&#8220; in der Sterkrader Innenstadt sind gesichert. Das hat Stadtk\u00e4mmerer Apostolos Tsalastras am Donnerstag im Wirtschafts- und Digitalisierungsausschuss verk\u00fcnden k\u00f6nnen. Der k\u00fcnftige Kooperationspartner, das neuapostolische Seniorenzentrum &#8222;Gute Hoffnung leben&#8220;, wird einen Teil der Kosten selbst \u00fcbernehmen, ein Teil wird aus einem bereits vorhandenen Etat des st\u00e4dtischen Haushalts flie\u00dfen.<!--more--><\/p>\n<p>F\u00fcr eine Projektlaufzeit von f\u00fcnf Jahren kalkuliert die Verwaltung mit Kosten in H\u00f6he von knapp 480.000 Euro. &#8222;Wir brauchen keine zus\u00e4tzlichen Mittel, es kann aus finanzieller Sicht im kommenden Jahr losgehen&#8220;, so Tsalastras vor dem Ausschuss.<\/p>\n<p>Im &#8222;Smart-Haus der offenen T\u00fcr&#8220; sollen Menschen anhand einer realistischen Modellwohnung ganz praktisch erfahren k\u00f6nnen, wie ihnen digitale Hilfssysteme das t\u00e4gliche Leben erleichtern k\u00f6nnen.<\/p>\n<p>Im Fokus stehen besonders \u00e4ltere Mitb\u00fcrgerinnen und Mitb\u00fcrger, die einerseits von den M\u00f6glichkeiten digitaler und technischer Unterst\u00fctzung im Haushalt besonders profitieren k\u00f6nnen, andererseits jedoch oft solchen Neuerungen mit gro\u00dfer Skepsis begegnen.<\/p>\n","protected":false},"excerpt":{"rendered":"<p>Die finanziellen Mittel f\u00fcr die Errichtung und den Betrieb eines &#8222;Smart-Hauses der offenen T\u00fcr&#8220; in der Sterkrader Innenstadt sind gesichert. Das hat Stadtk\u00e4mmerer Apostolos Tsalastras am Donnerstag im Wirtschafts- und&hellip; <\/p>\n","protected":false},"author":1,"featured_media":0,"comment_status":"closed","ping_status":"closed","sticky":false,"template":"","format":"standard","meta":{"footnotes":""},"categories":[854],"tags":[3285,3286,3058,3284,46,3260,2687,1990],"quellen":[326],"class_list":["post-9463","post","type-post","status-publish","format-standard","hentry","category-senioren","tag-senioren-wohnprojekt","tag-seniorenzentrum-gute-hoffnung-leben","tag-smart-haus","tag-smart-haus-der-offenen-tuer","tag-sterkrade","tag-sterkrader-innenstadt","tag-wirtschafts-und-digitalisierungsausschuss","tag-wohnen-im-alter","quellen-spd-fraktion-oberhausen"],"_links":{"self":[{"href":"https:\/\/meier-gerdingh.de\/wp-spd-ob\/wp-json\/wp\/v2\/posts\/9463","targetHints":{"allow":["GET"]}}],"collection":[{"href":"https:\/\/meier-gerdingh.de\/wp-spd-ob\/wp-json\/wp\/v2\/posts"}],"about":[{"href":"https:\/\/meier-gerdingh.de\/wp-spd-ob\/wp-json\/wp\/v2\/types\/post"}],"author":[{"embeddable":true,"href":"https:\/\/meier-gerdingh.de\/wp-spd-ob\/wp-json\/wp\/v2\/users\/1"}],"replies":[{"embeddable":true,"href":"https:\/\/meier-gerdingh.de\/wp-spd-ob\/wp-json\/wp\/v2\/comments?post=9463"}],"version-history":[{"count":0,"href":"https:\/\/meier-gerdingh.de\/wp-spd-ob\/wp-json\/wp\/v2\/posts\/9463\/revisions"}],"wp:attachment":[{"href":"https:\/\/meier-gerdingh.de\/wp-spd-ob\/wp-json\/wp\/v2\/media?parent=9463"}],"wp:term":[{"taxonomy":"category","embeddable":true,"href":"https:\/\/meier-gerdingh.de\/wp-spd-ob\/wp-json\/wp\/v2\/categories?post=9463"},{"taxonomy":"post_tag","embeddable":true,"href":"https:\/\/meier-gerdingh.de\/wp-spd-ob\/wp-json\/wp\/v2\/tags?post=9463"},{"taxonomy":"quellen","embeddable":true,"href":"https:\/\/meier-gerdingh.de\/wp-spd-ob\/wp-json\/wp\/v2\/quellen?post=9463"}],"curies":[{"name":"wp","href":"https:\/\/api.w.org\/{rel}","templated":true}]}}