{"id":953,"date":"2012-03-14T17:00:00","date_gmt":"2012-03-14T15:00:00","guid":{"rendered":"http:\/\/www.meier-gerdingh.de\/spd-oberhausen\/wp\/?p=953"},"modified":"2017-05-17T18:31:07","modified_gmt":"2017-05-17T16:31:07","slug":"packen-wirs-an","status":"publish","type":"post","link":"https:\/\/meier-gerdingh.de\/wp-spd-ob\/2012\/03\/14\/packen-wirs-an\/","title":{"rendered":"Packen wir&#8217;s an!"},"content":{"rendered":"<div style=\"width: 210px\" class=\"wp-caption alignleft\"><a href=\"http:\/\/meier-gerdingh.de\/wp-spd-ob\/wp-content\/uploads\/landtag_nrw.jpg\"><img decoding=\"async\" class=\"size-full\" src=\"http:\/\/meier-gerdingh.de\/wp-spd-ob\/wp-content\/uploads\/landtag_nrw.jpg\" alt=\"Wird im Mai neu gew\u00e4hlt: Der Landtag von Nordrhein-Westfalen\" width=\"200\" height=\"160\" \/><\/a><p class=\"wp-caption-text\">Wird im Mai neu gew\u00e4hlt: Der Landtag von Nordrhein-Westfalen<\/p><\/div>\n<p><i>Zur heutigen Aufl\u00f6sung des Landtags von Nordrhein-Westfalen erkl\u00e4rt der Generalsekret\u00e4r der NRWSPD Michael Groschek:<\/i><\/p>\n<p>&#8222;Wir haben immer gesagt: Wir streben keine Neuwahlen an, aber wir f\u00fcrchten sie auch nicht. Rot-Gr\u00fcn ist vor rund zwei Jahren mit dem Versprechen angetreten, einen echten Politikwechsel f\u00fcr Nordrhein-Westfalen einzuleiten. Und wir haben dieses Versprechen eingehalten. Wir haben Schluss gemacht mit der schwarz-gelben &#8218;Privat vor Staat&#8216;-Ideologie. Wir stehen f\u00fcr eine solide Haushaltspolitik mit Augenma\u00df. Wir haben die Studiengeb\u00fchren abgeschafft und den Ausbau bei der U3-Betreuung vorangetrieben. Wir sorgen daf\u00fcr, dass die St\u00e4dte und Gemeinden ihre finanzielle Handlungsf\u00e4higkeit zur\u00fcckgewinnen. Wir haben einen historischen Schulkonsens auf den Weg gebracht. NRW ist dank uns wieder das Mitbestimmungsland Nummer Eins. Wir haben als erstes Fl\u00e4chenland ein Integrationsgesetz und ein modernes Klimaschutzgesetz auf den Weg gebracht. Wir packen die Energiewende an und stehen f\u00fcr eine \u00f6kologische Industriepolitik.<!--more--><\/p>\n<p>Diese erfolgreiche Arbeit der rot-gr\u00fcnen Koalition wollen wir fortsetzen. Unsere Priorit\u00e4ten sind klar: Wir investieren in Kinder, Bildung und Vorbeugung und damit in eine gutes Zukunft unseres Landes. Die SPD in Nordrhein-Westfalen ist einig und entschlossen. Wir sind gut ger\u00fcstet f\u00fcr die kommenden Wahlkampf-Auseinandersetzungen und haben die Tr\u00fcmpfe in der Hand: Die Bilanz unserer Regierung kann sich sehen lassen, wir haben das beste inhaltliche Programm und wir haben mit unserer Landesvorsitzenden Hannelore Kraft eine herausragende Pers\u00f6nlichkeit an der Spitze des Landes. Packen wir&#8217;s an!&#8220;<\/p>\n","protected":false},"excerpt":{"rendered":"<p>Zur heutigen Aufl\u00f6sung des Landtags von Nordrhein-Westfalen erkl\u00e4rt der Generalsekret\u00e4r der NRWSPD Michael Groschek: &#8222;Wir haben immer gesagt: Wir streben keine Neuwahlen an, aber wir f\u00fcrchten sie auch nicht. Rot-Gr\u00fcn&hellip; <\/p>\n","protected":false},"author":1,"featured_media":0,"comment_status":"closed","ping_status":"closed","sticky":false,"template":"","format":"standard","meta":{"footnotes":""},"categories":[1],"tags":[],"quellen":[],"class_list":["post-953","post","type-post","status-publish","format-standard","hentry","category-allgemein"],"_links":{"self":[{"href":"https:\/\/meier-gerdingh.de\/wp-spd-ob\/wp-json\/wp\/v2\/posts\/953","targetHints":{"allow":["GET"]}}],"collection":[{"href":"https:\/\/meier-gerdingh.de\/wp-spd-ob\/wp-json\/wp\/v2\/posts"}],"about":[{"href":"https:\/\/meier-gerdingh.de\/wp-spd-ob\/wp-json\/wp\/v2\/types\/post"}],"author":[{"embeddable":true,"href":"https:\/\/meier-gerdingh.de\/wp-spd-ob\/wp-json\/wp\/v2\/users\/1"}],"replies":[{"embeddable":true,"href":"https:\/\/meier-gerdingh.de\/wp-spd-ob\/wp-json\/wp\/v2\/comments?post=953"}],"version-history":[{"count":0,"href":"https:\/\/meier-gerdingh.de\/wp-spd-ob\/wp-json\/wp\/v2\/posts\/953\/revisions"}],"wp:attachment":[{"href":"https:\/\/meier-gerdingh.de\/wp-spd-ob\/wp-json\/wp\/v2\/media?parent=953"}],"wp:term":[{"taxonomy":"category","embeddable":true,"href":"https:\/\/meier-gerdingh.de\/wp-spd-ob\/wp-json\/wp\/v2\/categories?post=953"},{"taxonomy":"post_tag","embeddable":true,"href":"https:\/\/meier-gerdingh.de\/wp-spd-ob\/wp-json\/wp\/v2\/tags?post=953"},{"taxonomy":"quellen","embeddable":true,"href":"https:\/\/meier-gerdingh.de\/wp-spd-ob\/wp-json\/wp\/v2\/quellen?post=953"}],"curies":[{"name":"wp","href":"https:\/\/api.w.org\/{rel}","templated":true}]}}