{"id":957,"date":"2012-03-22T17:00:00","date_gmt":"2012-03-22T15:00:00","guid":{"rendered":"http:\/\/www.meier-gerdingh.de\/spd-oberhausen\/wp\/?p=957"},"modified":"2017-05-17T18:27:51","modified_gmt":"2017-05-17T16:27:51","slug":"ruhrgebietsfeindlichkeit-der-cdu-entwickelt-sich-zur-tradition","status":"publish","type":"post","link":"https:\/\/meier-gerdingh.de\/wp-spd-ob\/2012\/03\/22\/ruhrgebietsfeindlichkeit-der-cdu-entwickelt-sich-zur-tradition\/","title":{"rendered":"&#8222;Ruhrgebietsfeindlichkeit der CDU entwickelt sich zur Tradition&#8220;"},"content":{"rendered":"<div style=\"width: 150px\" class=\"wp-caption alignleft\"><a href=\"http:\/\/meier-gerdingh.de\/wp-spd-ob\/wp-content\/uploads\/grosse_broemer_wolfgang_09.jpg\"><img decoding=\"async\" class=\"size-full\" src=\"http:\/\/meier-gerdingh.de\/wp-spd-ob\/wp-content\/uploads\/grosse_broemer_wolfgang_09.jpg\" alt=\"Wolfgang Gro\u00dfe Br\u00f6mer ist Vorsitzender des SPD-Unterbezirks Oberhausen\" width=\"140\" height=\"169\" \/><\/a><p class=\"wp-caption-text\">Wolfgang Gro\u00dfe Br\u00f6mer ist Vorsitzender des SPD-Unterbezirks Oberhausen<\/p><\/div>\n<p>Warum Kanzleramtsminister Pofalla im Rundfunk zur Sketch-Figur mutiert ist, ist dem Oberhausener SPD-Chef Wolfgang Gro\u00dfe Br\u00f6mer MdL nun endg\u00fcltig klar: &#8222;Wer so ein dummes Zeug erz\u00e4hlt wie Pofalla, reizt einfach zum Lachen&#8220;, reagiert Gro\u00dfe Br\u00f6mer auf \u00c4u\u00dferungen Pofallas, Kommunen wie Kalkar m\u00fcssten f\u00fcr St\u00e4dte wie Oberhausen zahlen (die NRZ berichtete). Gro\u00dfe Br\u00f6mer weiter: &#8222;Das Lachen bleibt einem aber im Halse stecken, wenn man bedenkt, dass Pofalla sich damit als Brandstifter bet\u00e4tigt.&#8220; Er rede Oberhausen schlecht und versuche der Stadt eine Schuld zuzuschieben, die sie gar nicht hat. Gro\u00dfe Br\u00f6mer: &#8222;Die Zuwendungen des Landes an die Kommunen haben nichts mit dem jeweiligen Schuldenstand zu tun. Ihre Grundlagen sind seri\u00f6s berechnete Steuer- und Sozialdaten.&#8220;<!--more--><\/p>\n<p>Als &#8222;unsch\u00f6ne Tradition der CDU&#8220; bezeichnet Gro\u00dfe Br\u00f6mer ihre ruhrgebietsfeindliche Politik, die zu Zeiten der Regierung R\u00fcttgers begonnen habe und von Leuten wie Pofalla und R\u00f6ttgen fortgesetzt werde. Der Bundesumweltminister hatte sich j\u00fcngst f\u00fcr die Beibehaltung des Solidarbeitrags Ost ausgesprochen und die Zahlungen der notleidenden Revierst\u00e4dte als gerecht bezeichnet. Gro\u00dfe Br\u00f6mer: &#8222;R\u00f6ttgen sollte wissen, dass wir in Oberhausen von den 270 Millionen Euro, die bislang Richtung Osten \u00fcberwiesen worden sind, jeden einzelnen Euro \u00fcber Kredite finanzieren mussten.&#8220;<\/p>\n<p>\u00c4u\u00dferungen, die SPD wolle eine &#8222;Neiddebatte&#8220; anfangen und &#8222;Arm gegen Arm&#8220; ausspielen, beurteilte Gro\u00dfe Br\u00f6mer als &#8222;unangebracht, unangemessen, unfair&#8220;, denn: &#8222;Wir wissen, was Solidarit\u00e4t bedeutet. Wir wissen aber auch, dass jetzt wir mal solidarische Hilfe brauchen.&#8220; Dass von der \u00f6rtlichen CDU zu den \u00c4u\u00dferungen ihrer &#8222;angeblichen Spitzenpolitiker&#8220; keine Kommentare abgegeben werden, \u00fcberrascht Gro\u00dfe Br\u00f6mer nicht. &#8222;Die Herren Hausmann und Schranz haben Angst, sich den Mund zu verbrennen und sondieren erstmal das Terrain. Leider vertreten sie mal wieder nicht die Interessen unserer Stadt.&#8220;<\/p>\n","protected":false},"excerpt":{"rendered":"<p>Warum Kanzleramtsminister Pofalla im Rundfunk zur Sketch-Figur mutiert ist, ist dem Oberhausener SPD-Chef Wolfgang Gro\u00dfe Br\u00f6mer MdL nun endg\u00fcltig klar: &#8222;Wer so ein dummes Zeug erz\u00e4hlt wie Pofalla, reizt einfach&hellip; <\/p>\n","protected":false},"author":1,"featured_media":0,"comment_status":"closed","ping_status":"closed","sticky":false,"template":"","format":"standard","meta":{"footnotes":""},"categories":[1],"tags":[],"quellen":[],"class_list":["post-957","post","type-post","status-publish","format-standard","hentry","category-allgemein"],"_links":{"self":[{"href":"https:\/\/meier-gerdingh.de\/wp-spd-ob\/wp-json\/wp\/v2\/posts\/957","targetHints":{"allow":["GET"]}}],"collection":[{"href":"https:\/\/meier-gerdingh.de\/wp-spd-ob\/wp-json\/wp\/v2\/posts"}],"about":[{"href":"https:\/\/meier-gerdingh.de\/wp-spd-ob\/wp-json\/wp\/v2\/types\/post"}],"author":[{"embeddable":true,"href":"https:\/\/meier-gerdingh.de\/wp-spd-ob\/wp-json\/wp\/v2\/users\/1"}],"replies":[{"embeddable":true,"href":"https:\/\/meier-gerdingh.de\/wp-spd-ob\/wp-json\/wp\/v2\/comments?post=957"}],"version-history":[{"count":0,"href":"https:\/\/meier-gerdingh.de\/wp-spd-ob\/wp-json\/wp\/v2\/posts\/957\/revisions"}],"wp:attachment":[{"href":"https:\/\/meier-gerdingh.de\/wp-spd-ob\/wp-json\/wp\/v2\/media?parent=957"}],"wp:term":[{"taxonomy":"category","embeddable":true,"href":"https:\/\/meier-gerdingh.de\/wp-spd-ob\/wp-json\/wp\/v2\/categories?post=957"},{"taxonomy":"post_tag","embeddable":true,"href":"https:\/\/meier-gerdingh.de\/wp-spd-ob\/wp-json\/wp\/v2\/tags?post=957"},{"taxonomy":"quellen","embeddable":true,"href":"https:\/\/meier-gerdingh.de\/wp-spd-ob\/wp-json\/wp\/v2\/quellen?post=957"}],"curies":[{"name":"wp","href":"https:\/\/api.w.org\/{rel}","templated":true}]}}