{"id":9577,"date":"2022-11-03T20:48:29","date_gmt":"2022-11-03T19:48:29","guid":{"rendered":"https:\/\/meier-gerdingh.de\/wp-spd-ob\/?p=9577"},"modified":"2022-11-03T20:48:29","modified_gmt":"2022-11-03T19:48:29","slug":"oberhausen-bekommt-den-klima-check","status":"publish","type":"post","link":"https:\/\/meier-gerdingh.de\/wp-spd-ob\/2022\/11\/03\/oberhausen-bekommt-den-klima-check\/","title":{"rendered":"Oberhausen bekommt den Klima-Check"},"content":{"rendered":"<div id=\"attachment_5396\" style=\"width: 190px\" class=\"wp-caption alignleft\"><a href=\"https:\/\/meier-gerdingh.de\/wp-spd-ob\/wp-content\/uploads\/2018\/07\/14_flore_manfred_1000.jpg\"><img aria-describedby=\"caption-attachment-5396\" decoding=\"async\" class=\"size-full wp-image-5396\" src=\"https:\/\/meier-gerdingh.de\/wp-spd-ob\/wp-content\/uploads\/2018\/07\/14_flore_manfred.jpg\" alt=\"\" width=\"180\" height=\"180\" srcset=\"https:\/\/meier-gerdingh.de\/wp-spd-ob\/wp-content\/uploads\/2018\/07\/14_flore_manfred.jpg 180w, https:\/\/meier-gerdingh.de\/wp-spd-ob\/wp-content\/uploads\/2018\/07\/14_flore_manfred-150x150.jpg 150w\" sizes=\"(max-width: 180px) 100vw, 180px\" \/><\/a><p id=\"caption-attachment-5396\" class=\"wp-caption-text\">Manfred Flore ist umweltpolitischer Sprecher der SPD-Ratsfraktion und B\u00fcrgermeister der Stadt Oberhausen<\/p><\/div>\n<p>Zuk\u00fcnftig werden die Beschlussvorlagen der Stadt Oberhausen einem Klima-Check unterzogen. &#8222;Nach der zustimmenden Vorberatung im Umweltausschuss gehen wir von einer breiten Mehrheit im Rat f\u00fcr diese Verwaltungsvorlage aus&#8220;, erkl\u00e4rt Manfred Flore, umweltpolitischer Sprecher der SPD-Fraktion. &#8222;Oberhausen stellt sich damit der Aufgabe, das eigene Handeln stets kritisch auf die Klimarelevanz hin zu pr\u00fcfen.&#8220;<\/p>\n<p>Die Aufstellung des Kriterienkatalogs f\u00fcr den Klima-Check erfolgte nach einem Beschluss im Sommer vergangenen Jahres auf Antrag der SPD hin.<!--more--><\/p>\n<p>&#8222;Wir freuen uns, dass diesmal im Gegensatz zur damaligen Abstimmung auch die Gr\u00fcnen und die Linke Liste zugestimmt haben&#8220;, erkl\u00e4rt B\u00fcrgermeister Flore. &#8222;Es ist wichtig, dass wir endlich ins Handeln kommen.&#8220;<\/p>\n<p>Eine Blockade durch den Klima-Check m\u00fcsse niemand bef\u00fcrchten, so Flore.<\/p>\n<p>&#8222;Der Check soll und wird Abw\u00e4gungsprozesse in Gang bringen. Wenn beispielsweise f\u00fcr den L\u00e4rmschutz von Menschen B\u00e4ume gef\u00e4llt werden m\u00fcssen, werden wir uns dieser Notwendigkeit nicht verschlie\u00dfen. Doch die Politik wird Projekte intensiver durchdenken m\u00fcssen.&#8220;<\/p>\n<p>Wichtig sei nun, dass die Verwaltung mit dem neuen Instrument arbeite. In einem Jahr zeige sich dann, wie praktikabel dieser Ansatz ist.<\/p>\n","protected":false},"excerpt":{"rendered":"<p>Zuk\u00fcnftig werden die Beschlussvorlagen der Stadt Oberhausen einem Klima-Check unterzogen. &#8222;Nach der zustimmenden Vorberatung im Umweltausschuss gehen wir von einer breiten Mehrheit im Rat f\u00fcr diese Verwaltungsvorlage aus&#8220;, erkl\u00e4rt Manfred&hellip; <\/p>\n","protected":false},"author":1,"featured_media":0,"comment_status":"closed","ping_status":"closed","sticky":false,"template":"","format":"standard","meta":{"footnotes":""},"categories":[29],"tags":[3293,484,771,30],"quellen":[326],"class_list":["post-9577","post","type-post","status-publish","format-standard","hentry","category-umwelt","tag-klima-check","tag-klimaschutz","tag-klimawandel","tag-umweltausschuss","quellen-spd-fraktion-oberhausen"],"_links":{"self":[{"href":"https:\/\/meier-gerdingh.de\/wp-spd-ob\/wp-json\/wp\/v2\/posts\/9577","targetHints":{"allow":["GET"]}}],"collection":[{"href":"https:\/\/meier-gerdingh.de\/wp-spd-ob\/wp-json\/wp\/v2\/posts"}],"about":[{"href":"https:\/\/meier-gerdingh.de\/wp-spd-ob\/wp-json\/wp\/v2\/types\/post"}],"author":[{"embeddable":true,"href":"https:\/\/meier-gerdingh.de\/wp-spd-ob\/wp-json\/wp\/v2\/users\/1"}],"replies":[{"embeddable":true,"href":"https:\/\/meier-gerdingh.de\/wp-spd-ob\/wp-json\/wp\/v2\/comments?post=9577"}],"version-history":[{"count":0,"href":"https:\/\/meier-gerdingh.de\/wp-spd-ob\/wp-json\/wp\/v2\/posts\/9577\/revisions"}],"wp:attachment":[{"href":"https:\/\/meier-gerdingh.de\/wp-spd-ob\/wp-json\/wp\/v2\/media?parent=9577"}],"wp:term":[{"taxonomy":"category","embeddable":true,"href":"https:\/\/meier-gerdingh.de\/wp-spd-ob\/wp-json\/wp\/v2\/categories?post=9577"},{"taxonomy":"post_tag","embeddable":true,"href":"https:\/\/meier-gerdingh.de\/wp-spd-ob\/wp-json\/wp\/v2\/tags?post=9577"},{"taxonomy":"quellen","embeddable":true,"href":"https:\/\/meier-gerdingh.de\/wp-spd-ob\/wp-json\/wp\/v2\/quellen?post=9577"}],"curies":[{"name":"wp","href":"https:\/\/api.w.org\/{rel}","templated":true}]}}