{"id":9581,"date":"2022-11-04T21:20:39","date_gmt":"2022-11-04T20:20:39","guid":{"rendered":"https:\/\/meier-gerdingh.de\/wp-spd-ob\/?p=9581"},"modified":"2022-11-04T21:23:06","modified_gmt":"2022-11-04T20:23:06","slug":"landesregierung-muss-mehr-fuer-die-ausbildung-tun","status":"publish","type":"post","link":"https:\/\/meier-gerdingh.de\/wp-spd-ob\/2022\/11\/04\/landesregierung-muss-mehr-fuer-die-ausbildung-tun\/","title":{"rendered":"&#8222;Landesregierung muss mehr f\u00fcr die Ausbildung tun&#8220;"},"content":{"rendered":"<p><a href=\"https:\/\/meier-gerdingh.de\/wp-spd-ob\/wp-content\/uploads\/2019\/12\/lt-nrw-2019.jpg\"><img decoding=\"async\" class=\"aligncenter size-full wp-image-6871\" src=\"https:\/\/meier-gerdingh.de\/wp-spd-ob\/wp-content\/uploads\/2019\/12\/lt-nrw-2019.jpg\" alt=\"\" width=\"800\" height=\"300\" srcset=\"https:\/\/meier-gerdingh.de\/wp-spd-ob\/wp-content\/uploads\/2019\/12\/lt-nrw-2019.jpg 800w, https:\/\/meier-gerdingh.de\/wp-spd-ob\/wp-content\/uploads\/2019\/12\/lt-nrw-2019-300x113.jpg 300w, https:\/\/meier-gerdingh.de\/wp-spd-ob\/wp-content\/uploads\/2019\/12\/lt-nrw-2019-768x288.jpg 768w\" sizes=\"(max-width: 800px) 100vw, 800px\" \/><\/a>Die SPD-Landtagsabgeordneten Sonja Bongers und Frederick Cordes haben die schwarz-gr\u00fcne Landesregierung aufgefordert, mehr in die Ausbildung junger Menschen zu investieren. &#8222;Nach den j\u00fcngsten Zahlen ist eins klar, so rosig ist die Lage am NRW-Arbeitsmarkt nicht. Besonders weil viele junge Erwachsene und Schulabg\u00e4nger ohne Ausbildungsvertrag weiterhin in schulischen Ma\u00dfnahmen mehr oder weniger die Zeit \u00fcberbr\u00fccken&#8220;, sagte Bongers nach Ver\u00f6ffentlichung des letzten Berichts der Arbeitsagentur. &#8222;Diese rund 40.000 potenziellen Azubis tauchen in keiner Statistik auf&#8220;, so Cordes weiter. Nach Informationen des DGB verbleibt jeder f\u00fcnfte Erwachsene dauerhaft in NRW ohne jede berufliche Qualifikation.<!--more--><\/p>\n<h3 class=\"spd-ob-crossheading\">Handwerk und \u00f6ffentlicher Dienst<\/h3>\n<p>Besonders im Hinblick auf den Fachkr\u00e4ftemangel sehen die SPD-Politiker gro\u00dfen Bedarf an gezielter F\u00f6rderung. &#8222;Der Fachkr\u00e4ftemangel hat sich \u00fcber viele Jahre angek\u00fcndigt, jetzt ist er da. Uns fehlen die gut ausgebildeten Leute, die Wirtschaft und Gesellschaft zusammenhalten. Wir brauchen ein Ma\u00dfnahmenb\u00fcndel, um dem entgegenzuwirken. Bereits in den Schulen m\u00fcsse der Kontakt zu Ausbildungsbetreiben intensiviert werden, besonders zum Handwerk. Schon heute ist klar, dass das Handwerk seinen Leuten sp\u00e4ter finanziell richtig was zu bieten hat. Viele Betriebe brauchen Nachfolger. Aber daf\u00fcr muss man etwas tun.&#8220;<\/p>\n<p>Auch der \u00f6ffentliche Dienst muss sich den Schulabg\u00e4ngern besser pr\u00e4sentieren. Und nat\u00fcrlich sind auch die Schulen gefragt. Da reicht es nicht aus, dass sich Unternehmen ein oder zwei Tage pr\u00e4sentieren. Das Interesse der Sch\u00fclerinnen und Sch\u00fcler f\u00fcr einen Beruf muss bereits \u00fcber die Schule laufen. Ausbildung muss wieder attraktiver werden. F\u00e4cher wie Sozialwissenschaften bieten sich da an.<\/p>\n<h3 class=\"spd-ob-crossheading\">Zukunftsfonds Ausbildung<\/h3>\n<p>Cordes und Bongers schlie\u00dfen sich den Forderungen des DGB an. Die Idee eines umlagefinanzierten Zukunftsfonds Ausbildung, in den nicht-ausbildende Unternehmen einzahlen, finden sie gut.<\/p>\n<p>&#8222;Wenn dazu noch ein \u00f6ffentlich gef\u00f6rdertes Ausbildungsangebot kommt, kann man die Probleme in den Griff bekommen. Der schwarz-gr\u00fcnen Landesregierung ist das Thema offensichtlich nicht mehr so wichtig, denn es taucht nirgendwo auf. Wir brauchen alle jungen Menschen in NRW \u2013 nicht nur um den Fachkr\u00e4ftemangel zu bek\u00e4mpfen, sondern schlicht und einfach auch weil sie eine Chance verdient haben&#8220;, erkl\u00e4rten die beiden Abgeordneten Bongers und Cordes.<\/p>\n","protected":false},"excerpt":{"rendered":"<p>Die SPD-Landtagsabgeordneten Sonja Bongers und Frederick Cordes haben die schwarz-gr\u00fcne Landesregierung aufgefordert, mehr in die Ausbildung junger Menschen zu investieren. &#8222;Nach den j\u00fcngsten Zahlen ist eins klar, so rosig ist&hellip; <\/p>\n","protected":false},"author":1,"featured_media":0,"comment_status":"closed","ping_status":"closed","sticky":false,"template":"","format":"standard","meta":{"footnotes":""},"categories":[231,216],"tags":[18,760,3294,2973,1250,762,1169,3112,3295],"quellen":[2806,1317],"class_list":["post-9581","post","type-post","status-publish","format-standard","hentry","category-bildung","category-land","tag-arbeitsmarkt","tag-ausbildung","tag-azubis","tag-berufsausbildung","tag-dgb","tag-fachkraeftemangel","tag-handwerk","tag-oeffentlicher-dienst","tag-zukunftsfonds-ausbildung","quellen-mdl-frederick-cordes","quellen-mdl-sonja-bongers"],"_links":{"self":[{"href":"https:\/\/meier-gerdingh.de\/wp-spd-ob\/wp-json\/wp\/v2\/posts\/9581","targetHints":{"allow":["GET"]}}],"collection":[{"href":"https:\/\/meier-gerdingh.de\/wp-spd-ob\/wp-json\/wp\/v2\/posts"}],"about":[{"href":"https:\/\/meier-gerdingh.de\/wp-spd-ob\/wp-json\/wp\/v2\/types\/post"}],"author":[{"embeddable":true,"href":"https:\/\/meier-gerdingh.de\/wp-spd-ob\/wp-json\/wp\/v2\/users\/1"}],"replies":[{"embeddable":true,"href":"https:\/\/meier-gerdingh.de\/wp-spd-ob\/wp-json\/wp\/v2\/comments?post=9581"}],"version-history":[{"count":0,"href":"https:\/\/meier-gerdingh.de\/wp-spd-ob\/wp-json\/wp\/v2\/posts\/9581\/revisions"}],"wp:attachment":[{"href":"https:\/\/meier-gerdingh.de\/wp-spd-ob\/wp-json\/wp\/v2\/media?parent=9581"}],"wp:term":[{"taxonomy":"category","embeddable":true,"href":"https:\/\/meier-gerdingh.de\/wp-spd-ob\/wp-json\/wp\/v2\/categories?post=9581"},{"taxonomy":"post_tag","embeddable":true,"href":"https:\/\/meier-gerdingh.de\/wp-spd-ob\/wp-json\/wp\/v2\/tags?post=9581"},{"taxonomy":"quellen","embeddable":true,"href":"https:\/\/meier-gerdingh.de\/wp-spd-ob\/wp-json\/wp\/v2\/quellen?post=9581"}],"curies":[{"name":"wp","href":"https:\/\/api.w.org\/{rel}","templated":true}]}}