{"id":959,"date":"2012-03-25T17:00:00","date_gmt":"2012-03-25T15:00:00","guid":{"rendered":"http:\/\/www.meier-gerdingh.de\/spd-oberhausen\/wp\/?p=959"},"modified":"2017-05-17T18:27:24","modified_gmt":"2017-05-17T16:27:24","slug":"stefan-zimkeit-einstimmig-als-landtagskandidat-nominiert","status":"publish","type":"post","link":"https:\/\/meier-gerdingh.de\/wp-spd-ob\/2012\/03\/25\/stefan-zimkeit-einstimmig-als-landtagskandidat-nominiert\/","title":{"rendered":"Stefan Zimkeit einstimmig als Landtagskandidat nominiert"},"content":{"rendered":"<div style=\"width: 150px\" class=\"wp-caption alignleft\"><a href=\"http:\/\/meier-gerdingh.de\/wp-spd-ob\/wp-content\/uploads\/zimkeit_stefan_09.jpg\"><img decoding=\"async\" class=\"size-full\" src=\"http:\/\/meier-gerdingh.de\/wp-spd-ob\/wp-content\/uploads\/zimkeit_stefan_09.jpg\" alt=\"Einstimmig vom OV Alsfeld-Holten als Kandidat f\u00fcr die Landtagswahl im Wahlkreis Sterkrade und Dinslaken nominiert: Stefan Zimkeit\" width=\"140\" height=\"169\" \/><\/a><p class=\"wp-caption-text\">Einstimmig vom OV Alsfeld-Holten als Kandidat f\u00fcr die Landtagswahl im Wahlkreis Sterkrade und Dinslaken nominiert: Stefan Zimkeit<\/p><\/div>\n<p>Stefan Zimkeit wurde vom SPD-Ortsverein Alsfeld-Holten einstimmig als Kandidat f\u00fcr die Landtagswahl am 13. Mai 2012 nominiert. Entschieden wird \u00fcber die Kandidatur am Mittwoch dieser Woche in der Kathrin-T\u00fcrks-Halle in Dinslaken, wenn die Vertreter der Dinslakener und Sterkrader SPD zur Delegiertenkonferenz zusammenkommen.<!--more--><\/p>\n<p>In seiner Vorstellung in Alsfeld-Holten unterstrich Zimkeit, dass f\u00fcr ihn das Motto &#8222;Kein Kind zur\u00fccklassen&#8220; im Mittelpunkt sozialdemokratischer Politik stehe. Der 47-j\u00e4hrige Landespolitiker sprach sich nachdr\u00fccklich f\u00fcr Investitionen in Kinder, Bildung und handlungsf\u00e4hige Kommunen aus, um f\u00fcr die Zukunft vorzusorgen.<\/p>\n<p>Aus Sicht Zimkeits, der im aufgel\u00f6sten Landtag die Funktion des stellvertretenden haushaltspolitischen Sprechers seiner Fraktion bekleidet hat, geh\u00f6rt dazu untrennbar die Notwendigkeit einer soliden Finanzpolitik. &#8222;NRW muss ein Industrieland bleiben&#8220;, betonte Stefan Zimkeit, der sich f\u00fcr eine St\u00e4rkung der Arbeitnehmerrechte einsetzt. Er zog eine positive Bilanz der 20-monatigen rot-gr\u00fcnen Regierungszeit.<\/p>\n","protected":false},"excerpt":{"rendered":"<p>Stefan Zimkeit wurde vom SPD-Ortsverein Alsfeld-Holten einstimmig als Kandidat f\u00fcr die Landtagswahl am 13. Mai 2012 nominiert. Entschieden wird \u00fcber die Kandidatur am Mittwoch dieser Woche in der Kathrin-T\u00fcrks-Halle in&hellip; <\/p>\n","protected":false},"author":1,"featured_media":0,"comment_status":"closed","ping_status":"closed","sticky":false,"template":"","format":"standard","meta":{"footnotes":""},"categories":[1],"tags":[],"quellen":[],"class_list":["post-959","post","type-post","status-publish","format-standard","hentry","category-allgemein"],"_links":{"self":[{"href":"https:\/\/meier-gerdingh.de\/wp-spd-ob\/wp-json\/wp\/v2\/posts\/959","targetHints":{"allow":["GET"]}}],"collection":[{"href":"https:\/\/meier-gerdingh.de\/wp-spd-ob\/wp-json\/wp\/v2\/posts"}],"about":[{"href":"https:\/\/meier-gerdingh.de\/wp-spd-ob\/wp-json\/wp\/v2\/types\/post"}],"author":[{"embeddable":true,"href":"https:\/\/meier-gerdingh.de\/wp-spd-ob\/wp-json\/wp\/v2\/users\/1"}],"replies":[{"embeddable":true,"href":"https:\/\/meier-gerdingh.de\/wp-spd-ob\/wp-json\/wp\/v2\/comments?post=959"}],"version-history":[{"count":0,"href":"https:\/\/meier-gerdingh.de\/wp-spd-ob\/wp-json\/wp\/v2\/posts\/959\/revisions"}],"wp:attachment":[{"href":"https:\/\/meier-gerdingh.de\/wp-spd-ob\/wp-json\/wp\/v2\/media?parent=959"}],"wp:term":[{"taxonomy":"category","embeddable":true,"href":"https:\/\/meier-gerdingh.de\/wp-spd-ob\/wp-json\/wp\/v2\/categories?post=959"},{"taxonomy":"post_tag","embeddable":true,"href":"https:\/\/meier-gerdingh.de\/wp-spd-ob\/wp-json\/wp\/v2\/tags?post=959"},{"taxonomy":"quellen","embeddable":true,"href":"https:\/\/meier-gerdingh.de\/wp-spd-ob\/wp-json\/wp\/v2\/quellen?post=959"}],"curies":[{"name":"wp","href":"https:\/\/api.w.org\/{rel}","templated":true}]}}