{"id":96,"date":"2001-11-27T17:00:00","date_gmt":"2001-11-27T15:00:00","guid":{"rendered":"http:\/\/www.meier-gerdingh.de\/spd-oberhausen\/wp\/?p=96"},"modified":"2017-05-12T09:33:09","modified_gmt":"2017-05-12T07:33:09","slug":"spd-fraktion-regt-ehrung-fuer-antifa-ag-des-bertha-von-suttner-gymnasiums-an","status":"publish","type":"post","link":"https:\/\/meier-gerdingh.de\/wp-spd-ob\/2001\/11\/27\/spd-fraktion-regt-ehrung-fuer-antifa-ag-des-bertha-von-suttner-gymnasiums-an\/","title":{"rendered":"SPD-Fraktion regt Ehrung f\u00fcr Antifa-AG des Bertha-von Suttner-Gymnasiums an"},"content":{"rendered":"<div style=\"width: 98px\" class=\"wp-caption alignleft\"><a href=\"http:\/\/meier-gerdingh.de\/wp-spd-ob\/wp-content\/uploads\/antifa_bvs.jpg\"><img decoding=\"async\" class=\"size-full\" src=\"http:\/\/meier-gerdingh.de\/wp-spd-ob\/wp-content\/uploads\/antifa_bvs.jpg\" alt=\"Logo Antifa-AG Bertha-von-Suttner-Gymnasium\" width=\"88\" height=\"85\" \/><\/a><p class=\"wp-caption-text\">Logo Antifa-AG Bertha-von-Suttner-Gymnasium<\/p><\/div>\n<p>Bereits in der n\u00e4chsten Sitzung des \u00c4ltestenrates am 3. Dezember 2001 wollen die Oberhausener Sozialdemokraten den Vorschlag machen, die antifaschistische Arbeitsgemeinschaft des Bertha-von-Suttner-Gymnasiums kommunal zu ehren.<!--more--><\/p>\n<p>Die engagierte Arbeit dieser jungen Leute, die wortw\u00f6rtlich Gesicht f\u00fcr ein von Toleranz und gegenseitiger Akzeptanz gepr\u00e4gtes Miteinander zeigen, soll beispielhaft f\u00fcr das Engagement vieler Mitb\u00fcrgerinnen und Mitb\u00fcrger in diesem Bereich ausgezeichnet werden, so fasst der Oberhausener SPD-Fraktionsvorsitzende Michael Groschek die Entscheidung seiner Fraktion zusammen.<\/p>\n<p>Internet-Tipp:<\/p>\n","protected":false},"excerpt":{"rendered":"<p>Bereits in der n\u00e4chsten Sitzung des \u00c4ltestenrates am 3. Dezember 2001 wollen die Oberhausener Sozialdemokraten den Vorschlag machen, die antifaschistische Arbeitsgemeinschaft des Bertha-von-Suttner-Gymnasiums kommunal zu ehren.<\/p>\n","protected":false},"author":1,"featured_media":0,"comment_status":"closed","ping_status":"closed","sticky":false,"template":"","format":"standard","meta":{"footnotes":""},"categories":[1],"tags":[],"quellen":[],"class_list":["post-96","post","type-post","status-publish","format-standard","hentry","category-allgemein"],"_links":{"self":[{"href":"https:\/\/meier-gerdingh.de\/wp-spd-ob\/wp-json\/wp\/v2\/posts\/96","targetHints":{"allow":["GET"]}}],"collection":[{"href":"https:\/\/meier-gerdingh.de\/wp-spd-ob\/wp-json\/wp\/v2\/posts"}],"about":[{"href":"https:\/\/meier-gerdingh.de\/wp-spd-ob\/wp-json\/wp\/v2\/types\/post"}],"author":[{"embeddable":true,"href":"https:\/\/meier-gerdingh.de\/wp-spd-ob\/wp-json\/wp\/v2\/users\/1"}],"replies":[{"embeddable":true,"href":"https:\/\/meier-gerdingh.de\/wp-spd-ob\/wp-json\/wp\/v2\/comments?post=96"}],"version-history":[{"count":0,"href":"https:\/\/meier-gerdingh.de\/wp-spd-ob\/wp-json\/wp\/v2\/posts\/96\/revisions"}],"wp:attachment":[{"href":"https:\/\/meier-gerdingh.de\/wp-spd-ob\/wp-json\/wp\/v2\/media?parent=96"}],"wp:term":[{"taxonomy":"category","embeddable":true,"href":"https:\/\/meier-gerdingh.de\/wp-spd-ob\/wp-json\/wp\/v2\/categories?post=96"},{"taxonomy":"post_tag","embeddable":true,"href":"https:\/\/meier-gerdingh.de\/wp-spd-ob\/wp-json\/wp\/v2\/tags?post=96"},{"taxonomy":"quellen","embeddable":true,"href":"https:\/\/meier-gerdingh.de\/wp-spd-ob\/wp-json\/wp\/v2\/quellen?post=96"}],"curies":[{"name":"wp","href":"https:\/\/api.w.org\/{rel}","templated":true}]}}