{"id":960,"date":"2012-03-27T16:00:00","date_gmt":"2012-03-27T14:00:00","guid":{"rendered":"http:\/\/www.meier-gerdingh.de\/spd-oberhausen\/wp\/?p=960"},"modified":"2017-05-17T18:17:47","modified_gmt":"2017-05-17T16:17:47","slug":"michael-groschek-zum-neuen-vorsitzenden-der-oberhausener-spd-gewaehlt","status":"publish","type":"post","link":"https:\/\/meier-gerdingh.de\/wp-spd-ob\/2012\/03\/27\/michael-groschek-zum-neuen-vorsitzenden-der-oberhausener-spd-gewaehlt\/","title":{"rendered":"Michael Groschek zum neuen Vorsitzenden der Oberhausener SPD gew\u00e4hlt"},"content":{"rendered":"<div style=\"width: 150px\" class=\"wp-caption alignleft\"><a href=\"http:\/\/meier-gerdingh.de\/wp-spd-ob\/wp-content\/uploads\/groschek_michael_09.jpg\"><img decoding=\"async\" class=\"size-full\" src=\"http:\/\/meier-gerdingh.de\/wp-spd-ob\/wp-content\/uploads\/groschek_michael_09.jpg\" alt=\"Neuer Vorsitzender der Oberhausener SPD: Michael Groschek\" width=\"140\" height=\"186\" \/><\/a><p class=\"wp-caption-text\">Neuer Vorsitzender der Oberhausener SPD: Michael Groschek<\/p><\/div>\n<p>An der Spitze der Oberhausener SPD steht zuk\u00fcnftig ein neues F\u00fchrungsteam. Mit einem \u00fcberragenden Ergebnis von 96,5 Prozent der g\u00fcltigen Stimmen wurde Michael Groschek auf dem gestrigen Parteitag zum neuen Vorsitzenden der SPD Oberhausen gew\u00e4hlt. In einer begeisternden Rede rief Groschek die Oberhausener Sozialdemokraten dazu auf, noch st\u00e4rker den Schulterschluss mit den B\u00fcrgern zu suchen und Oberhausen gemeinsam zur &#8222;Stadt der guten Hoffnung&#8220; zu machen.<!--more--><\/p>\n<p>Von den rund 180 Delegierten in der Luise-Albertz-Halle erhielt er daf\u00fcr minutenlang stehende Ovationen. Groschek \u00fcbernimmt das Amt von Wolfgang Gro\u00dfe Br\u00f6mer, der der Oberhausener SPD sechs Jahre lang vorstand. Zuvor wurde Gro\u00dfe Br\u00f6mer von der Partei erneut als Landtagskandidat f\u00fcr den Wahlkreis 055 ? Alt-Oberhausen und Osterfeld nominiert.<\/p>\n<p>\u00dcberzeugend im Amt best\u00e4tigt wurden die <b>stellvertretende Parteivorsitzende Elia Albrecht-Mainz<\/b> und <b>Kassierer Ralf Katernberg<\/b>. Sie werden zuk\u00fcnftig unterst\u00fctzt von <b>Bernd Elsemann<\/b>, der erstmals als <b>stellvertretender Parteivorsitzender<\/b> gew\u00e4hlt wurde.<\/p>\n<p>Weiterhin geh\u00f6ren dem UB-Vorstand als <b>Beisitzerinnen und Beisitzer<\/b> an:<\/p>\n<ul>\n<li><b>Brodrick, Helmut<\/b>\u00a0\u00a0|\u00a0\u00a0OV Alsfeld-Holten<\/li>\n<li><b>Costecki, Britta<\/b>\u00a0\u00a0|\u00a0\u00a0OV Oberhausen-West<\/li>\n<li><b>Eisermann, Anke<\/b>\u00a0\u00a0|\u00a0\u00a0OV Oberhausen-Ost<\/li>\n<li><b>Emmerich, Karl-Heinz<\/b>\u00a0\u00a0|\u00a0\u00a0OV Sterkrade-S\u00fcd<\/li>\n<li><b>Halbauer, Imke<\/b>\u00a0\u00a0|\u00a0\u00a0OV Oberhausen-Mitte<\/li>\n<li><b>J\u00e4ntsch, Angelika<\/b>\u00a0\u00a0|\u00a0\u00a0OV Oberhausen-Mitte<\/li>\n<li><b>Jungmaier, Sandra<\/b>\u00a0\u00a0|\u00a0\u00a0OV Oberhausen-West<\/li>\n<li><b>Lange, Gudrun<\/b>\u00a0\u00a0|\u00a0\u00a0OV Osterfeld<\/li>\n<li><b>Paschebereg, Ren\u00e9<\/b>\u00a0\u00a0|\u00a0\u00a0OV Oberhausen-Ost<\/li>\n<li><b>Rabsilber, Olaf<\/b>\u00a0\u00a0|\u00a0\u00a0OV Alsfeld-Holten<\/li>\n<li><b>Richter, Jochen<\/b>\u00a0\u00a0|\u00a0\u00a0OV Sterkrade-Nord<\/li>\n<li><b>Scheffler, Stefan<\/b>\u00a0\u00a0|\u00a0\u00a0OV Sterkrade-Nord<\/li>\n<li><b>Schicktanz, Thomas<\/b>\u00a0\u00a0|\u00a0\u00a0OV Osterfeld<\/li>\n<\/ul>\n","protected":false},"excerpt":{"rendered":"<p>An der Spitze der Oberhausener SPD steht zuk\u00fcnftig ein neues F\u00fchrungsteam. Mit einem \u00fcberragenden Ergebnis von 96,5 Prozent der g\u00fcltigen Stimmen wurde Michael Groschek auf dem gestrigen Parteitag zum neuen&hellip; <\/p>\n","protected":false},"author":1,"featured_media":0,"comment_status":"closed","ping_status":"closed","sticky":false,"template":"","format":"standard","meta":{"footnotes":""},"categories":[1],"tags":[],"quellen":[],"class_list":["post-960","post","type-post","status-publish","format-standard","hentry","category-allgemein"],"_links":{"self":[{"href":"https:\/\/meier-gerdingh.de\/wp-spd-ob\/wp-json\/wp\/v2\/posts\/960","targetHints":{"allow":["GET"]}}],"collection":[{"href":"https:\/\/meier-gerdingh.de\/wp-spd-ob\/wp-json\/wp\/v2\/posts"}],"about":[{"href":"https:\/\/meier-gerdingh.de\/wp-spd-ob\/wp-json\/wp\/v2\/types\/post"}],"author":[{"embeddable":true,"href":"https:\/\/meier-gerdingh.de\/wp-spd-ob\/wp-json\/wp\/v2\/users\/1"}],"replies":[{"embeddable":true,"href":"https:\/\/meier-gerdingh.de\/wp-spd-ob\/wp-json\/wp\/v2\/comments?post=960"}],"version-history":[{"count":0,"href":"https:\/\/meier-gerdingh.de\/wp-spd-ob\/wp-json\/wp\/v2\/posts\/960\/revisions"}],"wp:attachment":[{"href":"https:\/\/meier-gerdingh.de\/wp-spd-ob\/wp-json\/wp\/v2\/media?parent=960"}],"wp:term":[{"taxonomy":"category","embeddable":true,"href":"https:\/\/meier-gerdingh.de\/wp-spd-ob\/wp-json\/wp\/v2\/categories?post=960"},{"taxonomy":"post_tag","embeddable":true,"href":"https:\/\/meier-gerdingh.de\/wp-spd-ob\/wp-json\/wp\/v2\/tags?post=960"},{"taxonomy":"quellen","embeddable":true,"href":"https:\/\/meier-gerdingh.de\/wp-spd-ob\/wp-json\/wp\/v2\/quellen?post=960"}],"curies":[{"name":"wp","href":"https:\/\/api.w.org\/{rel}","templated":true}]}}